{"id":6538,"date":"2023-03-03T14:16:57","date_gmt":"2023-03-03T13:16:57","guid":{"rendered":"https:\/\/agora.xtec.cat\/ceip-joan-coret\/?p=6538"},"modified":"2023-04-27T13:00:10","modified_gmt":"2023-04-27T11:00:10","slug":"4t-al-cram","status":"publish","type":"post","link":"https:\/\/agora.xtec.cat\/ceip-joan-coret\/portada\/4t-al-cram\/","title":{"rendered":"4t al CRAM"},"content":{"rendered":"<p>Les classes de 4t vam anar al CRAM. Ens van explicar moltes coses i les vam trobar molt interessants. A m\u00e9s, vam poder veure unes tortugues que estan en proc\u00e9s de recuperaci\u00f3.<\/p>\n<p>No ens pod\u00edem imaginar tot el que es poden trobar dins del cos d\u00b4aquests animals (hams, pals, pl\u00e0stics&#8230;)<\/p>\n<p><a href=\"https:\/\/photos.app.goo.gl\/m8R8yw1xiNaAowd99\" target=\"_blank\" rel=\"noopener\">https:\/\/photos.app.goo.gl\/m8R8yw1xiNaAowd99<\/a><\/p>\n","protected":false},"excerpt":{"rendered":"<p>Les classes de 4t vam anar al CRAM. Ens van explicar moltes coses i les vam trobar molt interessants. A m\u00e9s, vam poder veure unes tortugues que estan en proc\u00e9s de recuperaci\u00f3.<br \/>\nNo ens pod\u00edem imaginar tot el que es poden trobar dins del cos d\u00b4aquests&hellip;  <a href=\"https:\/\/agora.xtec.cat\/ceip-joan-coret\/portada\/4t-al-cram\/\" title=\"Read 4t al CRAM\">Llegeix m\u00e9s\u00bb<\/a><\/p>\n","protected":false},"author":69,"featured_media":0,"comment_status":"open","ping_status":"closed","sticky":false,"template":"","format":"standard","meta":{"_bbp_topic_count":0,"_bbp_reply_count":0,"_bbp_total_topic_count":0,"_bbp_total_reply_count":0,"_bbp_voice_count":0,"_bbp_anonymous_reply_count":0,"_bbp_topic_count_hidden":0,"_bbp_reply_count_hidden":0,"_bbp_forum_subforum_count":0,"footnotes":""},"categories":[13,4],"tags":[],"class_list":["post-6538","post","type-post","status-publish","format-standard","hentry","category-4t","category-portada"],"post_mailing_queue_ids":[],"_links":{"self":[{"href":"https:\/\/agora.xtec.cat\/ceip-joan-coret\/wp-json\/wp\/v2\/posts\/6538","targetHints":{"allow":["GET"]}}],"collection":[{"href":"https:\/\/agora.xtec.cat\/ceip-joan-coret\/wp-json\/wp\/v2\/posts"}],"about":[{"href":"https:\/\/agora.xtec.cat\/ceip-joan-coret\/wp-json\/wp\/v2\/types\/post"}],"author":[{"embeddable":true,"href":"https:\/\/agora.xtec.cat\/ceip-joan-coret\/wp-json\/wp\/v2\/users\/69"}],"replies":[{"embeddable":true,"href":"https:\/\/agora.xtec.cat\/ceip-joan-coret\/wp-json\/wp\/v2\/comments?post=6538"}],"version-history":[{"count":2,"href":"https:\/\/agora.xtec.cat\/ceip-joan-coret\/wp-json\/wp\/v2\/posts\/6538\/revisions"}],"predecessor-version":[{"id":6636,"href":"https:\/\/agora.xtec.cat\/ceip-joan-coret\/wp-json\/wp\/v2\/posts\/6538\/revisions\/6636"}],"wp:attachment":[{"href":"https:\/\/agora.xtec.cat\/ceip-joan-coret\/wp-json\/wp\/v2\/media?parent=6538"}],"wp:term":[{"taxonomy":"category","embeddable":true,"href":"https:\/\/agora.xtec.cat\/ceip-joan-coret\/wp-json\/wp\/v2\/categories?post=6538"},{"taxonomy":"post_tag","embeddable":true,"href":"https:\/\/agora.xtec.cat\/ceip-joan-coret\/wp-json\/wp\/v2\/tags?post=6538"}],"curies":[{"name":"wp","href":"https:\/\/api.w.org\/{rel}","templated":true}]}}