{"id":6502,"date":"2023-02-22T09:44:33","date_gmt":"2023-02-22T08:44:33","guid":{"rendered":"https:\/\/agora.xtec.cat\/ceip-joan-coret\/?p=6502"},"modified":"2023-02-22T09:44:33","modified_gmt":"2023-02-22T08:44:33","slug":"apadrinaments-lectors-a-primer-cicle","status":"publish","type":"post","link":"https:\/\/agora.xtec.cat\/ceip-joan-coret\/portada\/apadrinaments-lectors-a-primer-cicle\/","title":{"rendered":"Apadrinaments lectors a primer cicle"},"content":{"rendered":"<p>Els infants de 1r i 2n hem comen\u00e7at l&#8217;apadrinament lector amb els nens i nenes 5\u00e8 i 6\u00e8.<\/p>\n<p>&nbsp;<\/p>\n<p><a href=\"https:\/\/photos.app.goo.gl\/82UoTmv7NFS9EpFL7\" target=\"_blank\" rel=\"noopener\">https:\/\/photos.app.goo.gl\/82UoTmv7NFS9EpFL7<\/a><\/p>\n","protected":false},"excerpt":{"rendered":"<p>Els infants de 1r i 2n hem comen\u00e7at l&#8217;apadrinament lector amb els nens i nenes 5\u00e8 i 6\u00e8.<br \/>\n&nbsp;<br \/>\n<a href=\"https:\/\/photos.app.goo.gl\/82UoTmv7NFS9EpFL7\" target=\"_blank\" rel=\"noopener\">https:\/\/photos.app.goo.gl\/82UoTmv7NFS9EpFL7<\/a><\/p>\n","protected":false},"author":69,"featured_media":6503,"comment_status":"open","ping_status":"closed","sticky":false,"template":"","format":"standard","meta":{"_bbp_topic_count":0,"_bbp_reply_count":0,"_bbp_total_topic_count":0,"_bbp_total_reply_count":0,"_bbp_voice_count":0,"_bbp_anonymous_reply_count":0,"_bbp_topic_count_hidden":0,"_bbp_reply_count_hidden":0,"_bbp_forum_subforum_count":0,"footnotes":""},"categories":[10,11,14,15,4],"tags":[],"class_list":["post-6502","post","type-post","status-publish","format-standard","has-post-thumbnail","hentry","category-1r","category-2n","category-5e","category-6e","category-portada"],"post_mailing_queue_ids":[],"_links":{"self":[{"href":"https:\/\/agora.xtec.cat\/ceip-joan-coret\/wp-json\/wp\/v2\/posts\/6502","targetHints":{"allow":["GET"]}}],"collection":[{"href":"https:\/\/agora.xtec.cat\/ceip-joan-coret\/wp-json\/wp\/v2\/posts"}],"about":[{"href":"https:\/\/agora.xtec.cat\/ceip-joan-coret\/wp-json\/wp\/v2\/types\/post"}],"author":[{"embeddable":true,"href":"https:\/\/agora.xtec.cat\/ceip-joan-coret\/wp-json\/wp\/v2\/users\/69"}],"replies":[{"embeddable":true,"href":"https:\/\/agora.xtec.cat\/ceip-joan-coret\/wp-json\/wp\/v2\/comments?post=6502"}],"version-history":[{"count":2,"href":"https:\/\/agora.xtec.cat\/ceip-joan-coret\/wp-json\/wp\/v2\/posts\/6502\/revisions"}],"predecessor-version":[{"id":6510,"href":"https:\/\/agora.xtec.cat\/ceip-joan-coret\/wp-json\/wp\/v2\/posts\/6502\/revisions\/6510"}],"wp:featuredmedia":[{"embeddable":true,"href":"https:\/\/agora.xtec.cat\/ceip-joan-coret\/wp-json\/wp\/v2\/media\/6503"}],"wp:attachment":[{"href":"https:\/\/agora.xtec.cat\/ceip-joan-coret\/wp-json\/wp\/v2\/media?parent=6502"}],"wp:term":[{"taxonomy":"category","embeddable":true,"href":"https:\/\/agora.xtec.cat\/ceip-joan-coret\/wp-json\/wp\/v2\/categories?post=6502"},{"taxonomy":"post_tag","embeddable":true,"href":"https:\/\/agora.xtec.cat\/ceip-joan-coret\/wp-json\/wp\/v2\/tags?post=6502"}],"curies":[{"name":"wp","href":"https:\/\/api.w.org\/{rel}","templated":true}]}}