{"id":6498,"date":"2023-02-14T14:05:38","date_gmt":"2023-02-14T13:05:38","guid":{"rendered":"https:\/\/agora.xtec.cat\/ceip-joan-coret\/?p=6498"},"modified":"2023-02-14T14:17:49","modified_gmt":"2023-02-14T13:17:49","slug":"concert-bufal-tu","status":"publish","type":"post","link":"https:\/\/agora.xtec.cat\/ceip-joan-coret\/general\/concert-bufal-tu\/","title":{"rendered":"Concert Bufa&#8217;l tu"},"content":{"rendered":"<p>La setmana passada, els nens i nenes de 3r, van anar al teatre Blas Infante, on ens van presentar uns instruments de vent ben particulars. Fins i tot vam tenir la sort de qu\u00e8 alguns alumnes de la nostra escola compartissin escenari amb el fam\u00f3s m\u00fasic Xavi Lozano!<img decoding=\"async\" src=\"https:\/\/agora.xtec.cat\/ceip-joan-coret\/wp-content\/uploads\/usu1194\/2023\/02\/IMG20230208113542-scaled.jpg\" \/><\/p>\n","protected":false},"excerpt":{"rendered":"<p>La setmana passada, els nens i nenes de 3r, van anar al teatre Blas Infante, on ens van presentar uns instruments de vent ben particulars. Fins i tot vam tenir la sort de qu\u00e8 alguns alumnes de la nostra escola compartissin escenari amb el fam\u00f3s&hellip;  <a href=\"https:\/\/agora.xtec.cat\/ceip-joan-coret\/general\/concert-bufal-tu\/\" title=\"Read Concert Bufa&#8217;l tu\">Llegeix m\u00e9s\u00bb<\/a><\/p>\n","protected":false},"author":83,"featured_media":6499,"comment_status":"closed","ping_status":"closed","sticky":false,"template":"","format":"standard","meta":{"_bbp_topic_count":0,"_bbp_reply_count":0,"_bbp_total_topic_count":0,"_bbp_total_reply_count":0,"_bbp_voice_count":0,"_bbp_anonymous_reply_count":0,"_bbp_topic_count_hidden":0,"_bbp_reply_count_hidden":0,"_bbp_forum_subforum_count":0,"footnotes":""},"categories":[12,1,60,4,5],"tags":[],"class_list":["post-6498","post","type-post","status-publish","format-standard","has-post-thumbnail","hentry","category-3r","category-general","category-musica","category-portada","category-primaria"],"post_mailing_queue_ids":[],"_links":{"self":[{"href":"https:\/\/agora.xtec.cat\/ceip-joan-coret\/wp-json\/wp\/v2\/posts\/6498","targetHints":{"allow":["GET"]}}],"collection":[{"href":"https:\/\/agora.xtec.cat\/ceip-joan-coret\/wp-json\/wp\/v2\/posts"}],"about":[{"href":"https:\/\/agora.xtec.cat\/ceip-joan-coret\/wp-json\/wp\/v2\/types\/post"}],"author":[{"embeddable":true,"href":"https:\/\/agora.xtec.cat\/ceip-joan-coret\/wp-json\/wp\/v2\/users\/83"}],"replies":[{"embeddable":true,"href":"https:\/\/agora.xtec.cat\/ceip-joan-coret\/wp-json\/wp\/v2\/comments?post=6498"}],"version-history":[{"count":2,"href":"https:\/\/agora.xtec.cat\/ceip-joan-coret\/wp-json\/wp\/v2\/posts\/6498\/revisions"}],"predecessor-version":[{"id":6501,"href":"https:\/\/agora.xtec.cat\/ceip-joan-coret\/wp-json\/wp\/v2\/posts\/6498\/revisions\/6501"}],"wp:featuredmedia":[{"embeddable":true,"href":"https:\/\/agora.xtec.cat\/ceip-joan-coret\/wp-json\/wp\/v2\/media\/6499"}],"wp:attachment":[{"href":"https:\/\/agora.xtec.cat\/ceip-joan-coret\/wp-json\/wp\/v2\/media?parent=6498"}],"wp:term":[{"taxonomy":"category","embeddable":true,"href":"https:\/\/agora.xtec.cat\/ceip-joan-coret\/wp-json\/wp\/v2\/categories?post=6498"},{"taxonomy":"post_tag","embeddable":true,"href":"https:\/\/agora.xtec.cat\/ceip-joan-coret\/wp-json\/wp\/v2\/tags?post=6498"}],"curies":[{"name":"wp","href":"https:\/\/api.w.org\/{rel}","templated":true}]}}