{"id":6479,"date":"2023-02-02T14:11:23","date_gmt":"2023-02-02T13:11:23","guid":{"rendered":"https:\/\/agora.xtec.cat\/ceip-joan-coret\/?p=6479"},"modified":"2023-02-02T14:11:23","modified_gmt":"2023-02-02T13:11:23","slug":"tallers-del-dia-de-la-pau","status":"publish","type":"post","link":"https:\/\/agora.xtec.cat\/ceip-joan-coret\/general\/tallers-del-dia-de-la-pau\/","title":{"rendered":"Tallers del dia de la Pau"},"content":{"rendered":"<p>Els infants de primer cicle i els alumnes de tercer, hem realitzat uns tallers per gaudir i conscienciant-nos d&#8217;aquest dia tan assenyalat a l&#8217;escola. Durant el mat\u00ed els i les alumnes han fet dos tallers per commemorar i comprendre el sentit de la celebraci\u00f3 de la no-viol\u00e8ncia.<\/p>\n<p>Per finalitzar, a la tarda,\u00a0 tots l&#8217; alumnat de l&#8217;escola hem decorat amb plomes un mural de la Pau &#8220;photocall&#8221;\u00a0 i ballat al pati can\u00e7ons en representaci\u00f3 d&#8217;aquest dia.<\/p>\n<p>\u201cNo hi ha cam\u00ed per la pau, la pau \u00e9s el cam\u00ed\u201d. Mahatma Gandhi<\/p>\n<p><a href=\"https:\/\/photos.app.goo.gl\/DHXLqfpT6RKuef6w6\" target=\"_blank\" rel=\"noopener\">https:\/\/photos.app.goo.gl\/DHXLqfpT6RKuef6w6<\/a><\/p>\n","protected":false},"excerpt":{"rendered":"<p>Els infants de primer cicle i els alumnes de tercer, hem realitzat uns tallers per gaudir i conscienciant-nos d&#8217;aquest dia tan assenyalat a l&#8217;escola. Durant el mat\u00ed els i les alumnes han fet dos tallers per commemorar i comprendre el sentit de la celebraci\u00f3 de&hellip;  <a href=\"https:\/\/agora.xtec.cat\/ceip-joan-coret\/general\/tallers-del-dia-de-la-pau\/\" title=\"Read Tallers del dia de la Pau\">Llegeix m\u00e9s\u00bb<\/a><\/p>\n","protected":false},"author":69,"featured_media":0,"comment_status":"open","ping_status":"closed","sticky":false,"template":"","format":"standard","meta":{"_bbp_topic_count":0,"_bbp_reply_count":0,"_bbp_total_topic_count":0,"_bbp_total_reply_count":0,"_bbp_voice_count":0,"_bbp_anonymous_reply_count":0,"_bbp_topic_count_hidden":0,"_bbp_reply_count_hidden":0,"_bbp_forum_subforum_count":0,"footnotes":""},"categories":[10,11,12,1,4],"tags":[],"class_list":["post-6479","post","type-post","status-publish","format-standard","hentry","category-1r","category-2n","category-3r","category-general","category-portada"],"post_mailing_queue_ids":[],"_links":{"self":[{"href":"https:\/\/agora.xtec.cat\/ceip-joan-coret\/wp-json\/wp\/v2\/posts\/6479","targetHints":{"allow":["GET"]}}],"collection":[{"href":"https:\/\/agora.xtec.cat\/ceip-joan-coret\/wp-json\/wp\/v2\/posts"}],"about":[{"href":"https:\/\/agora.xtec.cat\/ceip-joan-coret\/wp-json\/wp\/v2\/types\/post"}],"author":[{"embeddable":true,"href":"https:\/\/agora.xtec.cat\/ceip-joan-coret\/wp-json\/wp\/v2\/users\/69"}],"replies":[{"embeddable":true,"href":"https:\/\/agora.xtec.cat\/ceip-joan-coret\/wp-json\/wp\/v2\/comments?post=6479"}],"version-history":[{"count":3,"href":"https:\/\/agora.xtec.cat\/ceip-joan-coret\/wp-json\/wp\/v2\/posts\/6479\/revisions"}],"predecessor-version":[{"id":6482,"href":"https:\/\/agora.xtec.cat\/ceip-joan-coret\/wp-json\/wp\/v2\/posts\/6479\/revisions\/6482"}],"wp:attachment":[{"href":"https:\/\/agora.xtec.cat\/ceip-joan-coret\/wp-json\/wp\/v2\/media?parent=6479"}],"wp:term":[{"taxonomy":"category","embeddable":true,"href":"https:\/\/agora.xtec.cat\/ceip-joan-coret\/wp-json\/wp\/v2\/categories?post=6479"},{"taxonomy":"post_tag","embeddable":true,"href":"https:\/\/agora.xtec.cat\/ceip-joan-coret\/wp-json\/wp\/v2\/tags?post=6479"}],"curies":[{"name":"wp","href":"https:\/\/api.w.org\/{rel}","templated":true}]}}