{"id":6476,"date":"2023-01-30T16:30:26","date_gmt":"2023-01-30T15:30:26","guid":{"rendered":"https:\/\/agora.xtec.cat\/ceip-joan-coret\/?p=6476"},"modified":"2023-01-30T14:46:01","modified_gmt":"2023-01-30T13:46:01","slug":"a-4t-gaudim-el-dia-de-la-pau","status":"publish","type":"post","link":"https:\/\/agora.xtec.cat\/ceip-joan-coret\/portada\/a-4t-gaudim-el-dia-de-la-pau\/","title":{"rendered":"A 4t gaudim el dia de LA PAU"},"content":{"rendered":"<p>Avui, aprofitem el dia de la NO VIOL\u00c8NCIA I LA PAU, per a fer diferents activitats amb companys i companyes de l\u00b4altra classe.<\/p>\n<p>Hem parlat, reflexionat i finalment ham arribat a un acord perqu\u00e8 hem vist que totes les opinions s\u00f3n v\u00e0lides per\u00f2 si ens escoltem i ens respectem, encara fem m\u00e9s grans les nostres aportacions.<\/p>\n","protected":false},"excerpt":{"rendered":"<p>Avui, aprofitem el dia de la NO VIOL\u00c8NCIA I LA PAU, per a fer diferents activitats amb companys i companyes de l\u00b4altra classe.<br \/>\nHem parlat, reflexionat i finalment ham arribat a un acord perqu\u00e8 hem vist que totes les opinions s\u00f3n v\u00e0lides per\u00f2 si ens escoltem&hellip;  <a href=\"https:\/\/agora.xtec.cat\/ceip-joan-coret\/portada\/a-4t-gaudim-el-dia-de-la-pau\/\" title=\"Read A 4t gaudim el dia de LA PAU\">Llegeix m\u00e9s\u00bb<\/a><\/p>\n","protected":false},"author":69,"featured_media":0,"comment_status":"open","ping_status":"closed","sticky":false,"template":"","format":"standard","meta":{"_bbp_topic_count":0,"_bbp_reply_count":0,"_bbp_total_topic_count":0,"_bbp_total_reply_count":0,"_bbp_voice_count":0,"_bbp_anonymous_reply_count":0,"_bbp_topic_count_hidden":0,"_bbp_reply_count_hidden":0,"_bbp_forum_subforum_count":0,"footnotes":""},"categories":[13,4],"tags":[],"class_list":["post-6476","post","type-post","status-publish","format-standard","hentry","category-4t","category-portada"],"post_mailing_queue_ids":[],"_links":{"self":[{"href":"https:\/\/agora.xtec.cat\/ceip-joan-coret\/wp-json\/wp\/v2\/posts\/6476","targetHints":{"allow":["GET"]}}],"collection":[{"href":"https:\/\/agora.xtec.cat\/ceip-joan-coret\/wp-json\/wp\/v2\/posts"}],"about":[{"href":"https:\/\/agora.xtec.cat\/ceip-joan-coret\/wp-json\/wp\/v2\/types\/post"}],"author":[{"embeddable":true,"href":"https:\/\/agora.xtec.cat\/ceip-joan-coret\/wp-json\/wp\/v2\/users\/69"}],"replies":[{"embeddable":true,"href":"https:\/\/agora.xtec.cat\/ceip-joan-coret\/wp-json\/wp\/v2\/comments?post=6476"}],"version-history":[{"count":1,"href":"https:\/\/agora.xtec.cat\/ceip-joan-coret\/wp-json\/wp\/v2\/posts\/6476\/revisions"}],"predecessor-version":[{"id":6477,"href":"https:\/\/agora.xtec.cat\/ceip-joan-coret\/wp-json\/wp\/v2\/posts\/6476\/revisions\/6477"}],"wp:attachment":[{"href":"https:\/\/agora.xtec.cat\/ceip-joan-coret\/wp-json\/wp\/v2\/media?parent=6476"}],"wp:term":[{"taxonomy":"category","embeddable":true,"href":"https:\/\/agora.xtec.cat\/ceip-joan-coret\/wp-json\/wp\/v2\/categories?post=6476"},{"taxonomy":"post_tag","embeddable":true,"href":"https:\/\/agora.xtec.cat\/ceip-joan-coret\/wp-json\/wp\/v2\/tags?post=6476"}],"curies":[{"name":"wp","href":"https:\/\/api.w.org\/{rel}","templated":true}]}}