{"id":6434,"date":"2023-01-20T08:48:50","date_gmt":"2023-01-20T07:48:50","guid":{"rendered":"https:\/\/agora.xtec.cat\/ceip-joan-coret\/?p=6434"},"modified":"2023-02-13T10:51:59","modified_gmt":"2023-02-13T09:51:59","slug":"taller-volcans","status":"publish","type":"post","link":"https:\/\/agora.xtec.cat\/ceip-joan-coret\/portada\/taller-volcans\/","title":{"rendered":"Taller Volcans"},"content":{"rendered":"<p><b>Taller sobre els Volcans a c\u00e0rrec de Natura i M\u00e0gia<\/b><\/p>\n<p>&nbsp;<\/p>\n<p><span style=\"font-weight: 400;\">El passat dia 12 de gener els nens i nenes de 2n van tenir la visita del Nani i la Laia que s\u00f3n geo\u00f2egs i guies del\u00a0 Parc Natural de la Zona Volc\u00e0nica de la Garrotxa<\/span><\/p>\n<p><span style=\"font-weight: 400;\">Ens van explicar molt\u00edssimes coses interessants sobre els volcans que no sab\u00edem, altres que s\u00ed ja que les hav\u00edem treballat durant el nostre projecte.\u00a0<\/span><\/p>\n<p><span style=\"font-weight: 400;\">Va ser un mat\u00ed molt divertit!<\/span><\/p>\n<p><a href=\"https:\/\/photos.app.goo.gl\/6e7zL9Js9ZfYyHyr8\" target=\"_blank\" rel=\"noopener\">https:\/\/photos.app.goo.gl\/6e7zL9Js9ZfYyHyr8<\/a><\/p>\n","protected":false},"excerpt":{"rendered":"<p>Taller sobre els Volcans a c\u00e0rrec de Natura i M\u00e0gia<br \/>\n&nbsp;<br \/>\nEl passat dia 12 de gener els nens i nenes de 2n van tenir la visita del Nani i la Laia que s\u00f3n geo\u00f2egs i guies del\u00a0 Parc Natural de la Zona Volc\u00e0nica de la Garrotxa<br \/>\nEns&hellip;  <a href=\"https:\/\/agora.xtec.cat\/ceip-joan-coret\/portada\/taller-volcans\/\" title=\"Read Taller Volcans\">Llegeix m\u00e9s\u00bb<\/a><\/p>\n","protected":false},"author":69,"featured_media":0,"comment_status":"open","ping_status":"closed","sticky":false,"template":"","format":"standard","meta":{"_bbp_topic_count":0,"_bbp_reply_count":0,"_bbp_total_topic_count":0,"_bbp_total_reply_count":0,"_bbp_voice_count":0,"_bbp_anonymous_reply_count":0,"_bbp_topic_count_hidden":0,"_bbp_reply_count_hidden":0,"_bbp_forum_subforum_count":0,"footnotes":""},"categories":[11,4],"tags":[],"class_list":["post-6434","post","type-post","status-publish","format-standard","hentry","category-2n","category-portada"],"post_mailing_queue_ids":[],"_links":{"self":[{"href":"https:\/\/agora.xtec.cat\/ceip-joan-coret\/wp-json\/wp\/v2\/posts\/6434","targetHints":{"allow":["GET"]}}],"collection":[{"href":"https:\/\/agora.xtec.cat\/ceip-joan-coret\/wp-json\/wp\/v2\/posts"}],"about":[{"href":"https:\/\/agora.xtec.cat\/ceip-joan-coret\/wp-json\/wp\/v2\/types\/post"}],"author":[{"embeddable":true,"href":"https:\/\/agora.xtec.cat\/ceip-joan-coret\/wp-json\/wp\/v2\/users\/69"}],"replies":[{"embeddable":true,"href":"https:\/\/agora.xtec.cat\/ceip-joan-coret\/wp-json\/wp\/v2\/comments?post=6434"}],"version-history":[{"count":3,"href":"https:\/\/agora.xtec.cat\/ceip-joan-coret\/wp-json\/wp\/v2\/posts\/6434\/revisions"}],"predecessor-version":[{"id":6492,"href":"https:\/\/agora.xtec.cat\/ceip-joan-coret\/wp-json\/wp\/v2\/posts\/6434\/revisions\/6492"}],"wp:attachment":[{"href":"https:\/\/agora.xtec.cat\/ceip-joan-coret\/wp-json\/wp\/v2\/media?parent=6434"}],"wp:term":[{"taxonomy":"category","embeddable":true,"href":"https:\/\/agora.xtec.cat\/ceip-joan-coret\/wp-json\/wp\/v2\/categories?post=6434"},{"taxonomy":"post_tag","embeddable":true,"href":"https:\/\/agora.xtec.cat\/ceip-joan-coret\/wp-json\/wp\/v2\/tags?post=6434"}],"curies":[{"name":"wp","href":"https:\/\/api.w.org\/{rel}","templated":true}]}}