{"id":6426,"date":"2023-01-16T08:00:01","date_gmt":"2023-01-16T07:00:01","guid":{"rendered":"https:\/\/agora.xtec.cat\/ceip-joan-coret\/?p=6426"},"modified":"2023-02-27T11:42:31","modified_gmt":"2023-02-27T10:42:31","slug":"les-emocions-a-4t","status":"publish","type":"post","link":"https:\/\/agora.xtec.cat\/ceip-joan-coret\/portada\/les-emocions-a-4t\/","title":{"rendered":"Les EMOCIONS  a 4t"},"content":{"rendered":"<p>A 4t hem fet un taller de les emocions i la veritat \u00e9s que ens ha vingut molt b\u00e9 per a poder expressar tot el que sentim ja que de vegades ens resulta molt dif\u00edcil extreure-les o b\u00e9, no sabem gestionar-les correctament.<\/p>\n<p>Hem fet activitats de manera individual i tamb\u00e9 en grup. Ha estat un taller divertit i enriquidor i el millor \u00e9s que encara ens queden m\u00e9s sessions.<\/p>\n<p><a href=\"https:\/\/photos.app.goo.gl\/Ycnb9EPmmTk8u4Yn8\" target=\"_blank\" rel=\"noopener\">https:\/\/photos.app.goo.gl\/Ycnb9EPmmTk8u4Yn8<\/a><\/p>\n","protected":false},"excerpt":{"rendered":"<p>A 4t hem fet un taller de les emocions i la veritat \u00e9s que ens ha vingut molt b\u00e9 per a poder expressar tot el que sentim ja que de vegades ens resulta molt dif\u00edcil extreure-les o b\u00e9, no sabem gestionar-les correctament.<br \/>\nHem fet activitats de&hellip;  <a href=\"https:\/\/agora.xtec.cat\/ceip-joan-coret\/portada\/les-emocions-a-4t\/\" title=\"Read Les EMOCIONS  a 4t\">Llegeix m\u00e9s\u00bb<\/a><\/p>\n","protected":false},"author":69,"featured_media":0,"comment_status":"open","ping_status":"closed","sticky":false,"template":"","format":"standard","meta":{"_bbp_topic_count":0,"_bbp_reply_count":0,"_bbp_total_topic_count":0,"_bbp_total_reply_count":0,"_bbp_voice_count":0,"_bbp_anonymous_reply_count":0,"_bbp_topic_count_hidden":0,"_bbp_reply_count_hidden":0,"_bbp_forum_subforum_count":0,"footnotes":""},"categories":[13,4],"tags":[],"class_list":["post-6426","post","type-post","status-publish","format-standard","hentry","category-4t","category-portada"],"post_mailing_queue_ids":[],"_links":{"self":[{"href":"https:\/\/agora.xtec.cat\/ceip-joan-coret\/wp-json\/wp\/v2\/posts\/6426","targetHints":{"allow":["GET"]}}],"collection":[{"href":"https:\/\/agora.xtec.cat\/ceip-joan-coret\/wp-json\/wp\/v2\/posts"}],"about":[{"href":"https:\/\/agora.xtec.cat\/ceip-joan-coret\/wp-json\/wp\/v2\/types\/post"}],"author":[{"embeddable":true,"href":"https:\/\/agora.xtec.cat\/ceip-joan-coret\/wp-json\/wp\/v2\/users\/69"}],"replies":[{"embeddable":true,"href":"https:\/\/agora.xtec.cat\/ceip-joan-coret\/wp-json\/wp\/v2\/comments?post=6426"}],"version-history":[{"count":2,"href":"https:\/\/agora.xtec.cat\/ceip-joan-coret\/wp-json\/wp\/v2\/posts\/6426\/revisions"}],"predecessor-version":[{"id":6513,"href":"https:\/\/agora.xtec.cat\/ceip-joan-coret\/wp-json\/wp\/v2\/posts\/6426\/revisions\/6513"}],"wp:attachment":[{"href":"https:\/\/agora.xtec.cat\/ceip-joan-coret\/wp-json\/wp\/v2\/media?parent=6426"}],"wp:term":[{"taxonomy":"category","embeddable":true,"href":"https:\/\/agora.xtec.cat\/ceip-joan-coret\/wp-json\/wp\/v2\/categories?post=6426"},{"taxonomy":"post_tag","embeddable":true,"href":"https:\/\/agora.xtec.cat\/ceip-joan-coret\/wp-json\/wp\/v2\/tags?post=6426"}],"curies":[{"name":"wp","href":"https:\/\/api.w.org\/{rel}","templated":true}]}}