{"id":6403,"date":"2022-12-20T21:29:06","date_gmt":"2022-12-20T20:29:06","guid":{"rendered":"https:\/\/agora.xtec.cat\/ceip-joan-coret\/?p=6403"},"modified":"2023-01-15T20:25:09","modified_gmt":"2023-01-15T19:25:09","slug":"regals-a-la-classe-de-4t","status":"publish","type":"post","link":"https:\/\/agora.xtec.cat\/ceip-joan-coret\/portada\/regals-a-la-classe-de-4t\/","title":{"rendered":"Regals a la classe de 4t"},"content":{"rendered":"<p>Avui ens hem trobat uns regals a la classe. Entre tots i totes hem intentat esbrinar el que era. Hem fet una pluja de possibilitats mentre que un company i una companya anaven tocant i dient les seves caracter\u00edstiques. Hem trigat una mica per\u00f2 finalment, hem encertat. Ens ha agradat molt i amb aquest ambient tan simp\u00e0tic i divertit hem jugat a l\u00b4amic i amiga invisible. Hav\u00edem de fer una postal i tothom hem estat amb moltes ganes de saber qui era la persona que ens donaria la seva creaci\u00f3.<\/p>\n","protected":false},"excerpt":{"rendered":"<p>Avui ens hem trobat uns regals a la classe. Entre tots i totes hem intentat esbrinar el que era. Hem fet una pluja de possibilitats mentre que un company i una companya anaven tocant i dient les seves caracter\u00edstiques. Hem trigat una mica per\u00f2 finalment,&hellip;  <a href=\"https:\/\/agora.xtec.cat\/ceip-joan-coret\/portada\/regals-a-la-classe-de-4t\/\" title=\"Read Regals a la classe de 4t\">Llegeix m\u00e9s\u00bb<\/a><\/p>\n","protected":false},"author":69,"featured_media":0,"comment_status":"open","ping_status":"closed","sticky":false,"template":"","format":"standard","meta":{"_bbp_topic_count":0,"_bbp_reply_count":0,"_bbp_total_topic_count":0,"_bbp_total_reply_count":0,"_bbp_voice_count":0,"_bbp_anonymous_reply_count":0,"_bbp_topic_count_hidden":0,"_bbp_reply_count_hidden":0,"_bbp_forum_subforum_count":0,"footnotes":""},"categories":[13,4],"tags":[],"class_list":["post-6403","post","type-post","status-publish","format-standard","hentry","category-4t","category-portada"],"post_mailing_queue_ids":[],"_links":{"self":[{"href":"https:\/\/agora.xtec.cat\/ceip-joan-coret\/wp-json\/wp\/v2\/posts\/6403","targetHints":{"allow":["GET"]}}],"collection":[{"href":"https:\/\/agora.xtec.cat\/ceip-joan-coret\/wp-json\/wp\/v2\/posts"}],"about":[{"href":"https:\/\/agora.xtec.cat\/ceip-joan-coret\/wp-json\/wp\/v2\/types\/post"}],"author":[{"embeddable":true,"href":"https:\/\/agora.xtec.cat\/ceip-joan-coret\/wp-json\/wp\/v2\/users\/69"}],"replies":[{"embeddable":true,"href":"https:\/\/agora.xtec.cat\/ceip-joan-coret\/wp-json\/wp\/v2\/comments?post=6403"}],"version-history":[{"count":3,"href":"https:\/\/agora.xtec.cat\/ceip-joan-coret\/wp-json\/wp\/v2\/posts\/6403\/revisions"}],"predecessor-version":[{"id":6425,"href":"https:\/\/agora.xtec.cat\/ceip-joan-coret\/wp-json\/wp\/v2\/posts\/6403\/revisions\/6425"}],"wp:attachment":[{"href":"https:\/\/agora.xtec.cat\/ceip-joan-coret\/wp-json\/wp\/v2\/media?parent=6403"}],"wp:term":[{"taxonomy":"category","embeddable":true,"href":"https:\/\/agora.xtec.cat\/ceip-joan-coret\/wp-json\/wp\/v2\/categories?post=6403"},{"taxonomy":"post_tag","embeddable":true,"href":"https:\/\/agora.xtec.cat\/ceip-joan-coret\/wp-json\/wp\/v2\/tags?post=6403"}],"curies":[{"name":"wp","href":"https:\/\/api.w.org\/{rel}","templated":true}]}}