{"id":6394,"date":"2022-12-20T16:16:39","date_gmt":"2022-12-20T15:16:39","guid":{"rendered":"https:\/\/agora.xtec.cat\/ceip-joan-coret\/?p=6394"},"modified":"2022-12-20T17:05:50","modified_gmt":"2022-12-20T16:05:50","slug":"nadal-a-infantil","status":"publish","type":"post","link":"https:\/\/agora.xtec.cat\/ceip-joan-coret\/infantil\/nadal-a-infantil\/","title":{"rendered":"NADAL A INFANTIL"},"content":{"rendered":"<p>Com cada any Infantil es prepara pel Nadal i tots\/es estem molt il\u00b7lusionats. Comencem les darreres setmanes del trimestre buscant al ti\u00f3 pel pati, les nostres activitats estan relacionades amb el nadal, preparem la can\u00e7\u00f3 i el poema de nadal, compartim tallers I3,I4,I5 (maquillatge, ball, titelles, hist\u00f2ries, pintem amb xocolata, photocall) i per \u00faltim:<a href=\"https:\/\/agora.xtec.cat\/ceip-joan-coret\/wp-content\/uploads\/usu1194\/2022\/12\/IMG-20221220-WA0012.jpg\"><img loading=\"lazy\" decoding=\"async\" class=\"size-medium wp-image-6397 alignleft\" src=\"https:\/\/agora.xtec.cat\/ceip-joan-coret\/wp-content\/uploads\/usu1194\/2022\/12\/IMG-20221220-WA0012-300x169.jpg\" alt=\"\" width=\"300\" height=\"169\" srcset=\"https:\/\/agora.xtec.cat\/ceip-joan-coret\/wp-content\/uploads\/usu1194\/2022\/12\/IMG-20221220-WA0012-300x169.jpg 300w, https:\/\/agora.xtec.cat\/ceip-joan-coret\/wp-content\/uploads\/usu1194\/2022\/12\/IMG-20221220-WA0012-1024x576.jpg 1024w, https:\/\/agora.xtec.cat\/ceip-joan-coret\/wp-content\/uploads\/usu1194\/2022\/12\/IMG-20221220-WA0012-768x432.jpg 768w, https:\/\/agora.xtec.cat\/ceip-joan-coret\/wp-content\/uploads\/usu1194\/2022\/12\/IMG-20221220-WA0012-1536x864.jpg 1536w, https:\/\/agora.xtec.cat\/ceip-joan-coret\/wp-content\/uploads\/usu1194\/2022\/12\/IMG-20221220-WA0012.jpg 2048w\" sizes=\"auto, (max-width: 300px) 100vw, 300px\" \/><\/a> FEM CAGAR AL TI\u00d3!<\/p>\n<p>Aqu\u00ed us deixem un recull de totes aquestes activitats.<\/p>\n<p>BONES FESTES!<\/p>\n<p><a href=\"https:\/\/photos.app.goo.gl\/TMjT3pHDSRuGZvb27\" target=\"_blank\" rel=\"noopener\">https:\/\/photos.app.goo.gl\/TMjT3pHDSRuGZvb27<\/a><\/p>\n","protected":false},"excerpt":{"rendered":"<p>Com cada any Infantil es prepara pel Nadal i tots\/es estem molt il\u00b7lusionats. Comencem les darreres setmanes del trimestre buscant al ti\u00f3 pel pati, les nostres activitats estan relacionades amb el nadal, preparem la can\u00e7\u00f3 i el poema de nadal, compartim tallers I3,I4,I5 (maquillatge, ball,&hellip;  <a href=\"https:\/\/agora.xtec.cat\/ceip-joan-coret\/infantil\/nadal-a-infantil\/\" title=\"Read NADAL A INFANTIL\">Llegeix m\u00e9s\u00bb<\/a><\/p>\n","protected":false},"author":40,"featured_media":0,"comment_status":"open","ping_status":"closed","sticky":false,"template":"","format":"standard","meta":{"_bbp_topic_count":0,"_bbp_reply_count":0,"_bbp_total_topic_count":0,"_bbp_total_reply_count":0,"_bbp_voice_count":0,"_bbp_anonymous_reply_count":0,"_bbp_topic_count_hidden":0,"_bbp_reply_count_hidden":0,"_bbp_forum_subforum_count":0,"footnotes":""},"categories":[2,4],"tags":[88],"class_list":["post-6394","post","type-post","status-publish","format-standard","hentry","category-infantil","category-portada","tag-ed-infantil"],"post_mailing_queue_ids":[],"_links":{"self":[{"href":"https:\/\/agora.xtec.cat\/ceip-joan-coret\/wp-json\/wp\/v2\/posts\/6394","targetHints":{"allow":["GET"]}}],"collection":[{"href":"https:\/\/agora.xtec.cat\/ceip-joan-coret\/wp-json\/wp\/v2\/posts"}],"about":[{"href":"https:\/\/agora.xtec.cat\/ceip-joan-coret\/wp-json\/wp\/v2\/types\/post"}],"author":[{"embeddable":true,"href":"https:\/\/agora.xtec.cat\/ceip-joan-coret\/wp-json\/wp\/v2\/users\/40"}],"replies":[{"embeddable":true,"href":"https:\/\/agora.xtec.cat\/ceip-joan-coret\/wp-json\/wp\/v2\/comments?post=6394"}],"version-history":[{"count":3,"href":"https:\/\/agora.xtec.cat\/ceip-joan-coret\/wp-json\/wp\/v2\/posts\/6394\/revisions"}],"predecessor-version":[{"id":6399,"href":"https:\/\/agora.xtec.cat\/ceip-joan-coret\/wp-json\/wp\/v2\/posts\/6394\/revisions\/6399"}],"wp:attachment":[{"href":"https:\/\/agora.xtec.cat\/ceip-joan-coret\/wp-json\/wp\/v2\/media?parent=6394"}],"wp:term":[{"taxonomy":"category","embeddable":true,"href":"https:\/\/agora.xtec.cat\/ceip-joan-coret\/wp-json\/wp\/v2\/categories?post=6394"},{"taxonomy":"post_tag","embeddable":true,"href":"https:\/\/agora.xtec.cat\/ceip-joan-coret\/wp-json\/wp\/v2\/tags?post=6394"}],"curies":[{"name":"wp","href":"https:\/\/api.w.org\/{rel}","templated":true}]}}