{"id":6348,"date":"2022-11-22T10:00:28","date_gmt":"2022-11-22T09:00:28","guid":{"rendered":"https:\/\/agora.xtec.cat\/ceip-joan-coret\/?p=6348"},"modified":"2022-12-07T09:29:47","modified_gmt":"2022-12-07T08:29:47","slug":"preparem-el-nadal-cantant","status":"publish","type":"post","link":"https:\/\/agora.xtec.cat\/ceip-joan-coret\/portada\/preparem-el-nadal-cantant\/","title":{"rendered":"Preparem el Nadal cantant"},"content":{"rendered":"<p><span style=\"font-weight: 400;\">Benvolgudes fam\u00edlies,<\/span><\/p>\n<p><span style=\"font-weight: 400;\">Ja s\u2019acosta el Nadal i volem que formeu part de la nostra celebraci\u00f3, escoltant i practicant en fam\u00edlia les can\u00e7ons. Us deixem els enlla\u00e7os per cursos. Ens veiem ben aviat!<\/span><\/p>\n<p>I3:\u00a0<a href=\"https:\/\/www.youtube.com\/watch?v=dY6js5edAE4\" target=\"_blank\" rel=\"noopener\">https:\/\/www.youtube.com\/watch?v=dY6js5edAE4<\/a><\/p>\n<p>I4: <a href=\"https:\/\/www.youtube.com\/watch?v=voaTCxiUgho\" target=\"_blank\" rel=\"noopener\">https:\/\/www.youtube.com\/watch?v=voaTCxiUgho<\/a><\/p>\n<p>I5:\u00a0<a href=\"https:\/\/www.youtube.com\/watch?v=MX0RL42-d5I\" target=\"_blank\" rel=\"noopener\">https:\/\/www.youtube.com\/watch?v=MX0RL42-d5I<\/a><\/p>\n<p>1r:\u00a0<a href=\"https:\/\/www.youtube.com\/watch?v=BhQPp-TSiiI&amp;t=129s\" target=\"_blank\" rel=\"noopener\">https:\/\/www.youtube.com\/watch?v=BhQPp-TSiiI&amp;t=129s<\/a><\/p>\n<p>2n:\u00a0<a href=\"https:\/\/www.youtube.com\/watch?v=3jzxDVCv8lA\" target=\"_blank\" rel=\"noopener\">https:\/\/www.youtube.com\/watch?v=3jzxDVCv8lA<\/a><\/p>\n<p>3r:\u00a0<a href=\"https:\/\/www.youtube.com\/watch?v=mHQK4VdhGDs\" target=\"_blank\" rel=\"noopener\">https:\/\/www.youtube.com\/watch?v=mHQK4VdhGDs<\/a><\/p>\n<p>4t:\u00a0<a href=\"https:\/\/www.youtube.com\/watch?v=9asm36GBHvo\" target=\"_blank\" rel=\"noopener\">https:\/\/www.youtube.com\/watch?v=9asm36GBHvo<\/a><\/p>\n<p>5\u00e8:\u00a0<a href=\"https:\/\/www.youtube.com\/watch?v=Xk1_Nodp5LA\" target=\"_blank\" rel=\"noopener\">https:\/\/www.youtube.com\/watch?v=Xk1_Nodp5LA<\/a><\/p>\n<p>6\u00e8:\u00a0<a href=\"https:\/\/www.youtube.com\/watch?v=o-WNUUUw5w4\" target=\"_blank\" rel=\"noopener\">https:\/\/www.youtube.com\/watch?v=o-WNUUUw5w4<\/a><\/p>\n","protected":false},"excerpt":{"rendered":"<p>Benvolgudes fam\u00edlies,<br \/>\nJa s\u2019acosta el Nadal i volem que formeu part de la nostra celebraci\u00f3, escoltant i practicant en fam\u00edlia les can\u00e7ons. Us deixem els enlla\u00e7os per cursos. Ens veiem ben aviat!<br \/>\nI3:\u00a0<a href=\"https:\/\/www.youtube.com\/watch?v=dY6js5edAE4\" target=\"_blank\" rel=\"noopener\">https:\/\/www.youtube.com\/watch?v=dY6js5edAE4<\/a><br \/>\nI4: <a href=\"https:\/\/www.youtube.com\/watch?v=voaTCxiUgho\" target=\"_blank\" rel=\"noopener\">https:\/\/www.youtube.com\/watch?v=voaTCxiUgho<\/a><br \/>\nI5:\u00a0<a href=\"https:\/\/www.youtube.com\/watch?v=MX0RL42-d5I\" target=\"_blank\" rel=\"noopener\">https:\/\/www.youtube.com\/watch?v=MX0RL42-d5I<\/a><br \/>\n1r:\u00a0<a href=\"https:\/\/www.youtube.com\/watch?v=BhQPp-TSiiI&amp;t=129s\" target=\"_blank\" rel=\"noopener\">https:\/\/www.youtube.com\/watch?v=BhQPp-TSiiI&amp;t=129s<\/a><br \/>\n2n:\u00a0<a href=\"https:\/\/www.youtube.com\/watch?v=3jzxDVCv8lA\"&hellip;  <a href=\"https:\/\/agora.xtec.cat\/ceip-joan-coret\/portada\/preparem-el-nadal-cantant\/\" title=\"Read Preparem el Nadal cantant\">Llegeix m\u00e9s\u00bb<\/a><\/p>\n","protected":false},"author":83,"featured_media":0,"comment_status":"open","ping_status":"closed","sticky":false,"template":"","format":"standard","meta":{"_bbp_topic_count":0,"_bbp_reply_count":0,"_bbp_total_topic_count":0,"_bbp_total_reply_count":0,"_bbp_voice_count":0,"_bbp_anonymous_reply_count":0,"_bbp_topic_count_hidden":0,"_bbp_reply_count_hidden":0,"_bbp_forum_subforum_count":0,"footnotes":""},"categories":[60,61,4],"tags":[],"class_list":["post-6348","post","type-post","status-publish","format-standard","hentry","category-musica","category-musica-primaria","category-portada"],"post_mailing_queue_ids":[],"_links":{"self":[{"href":"https:\/\/agora.xtec.cat\/ceip-joan-coret\/wp-json\/wp\/v2\/posts\/6348","targetHints":{"allow":["GET"]}}],"collection":[{"href":"https:\/\/agora.xtec.cat\/ceip-joan-coret\/wp-json\/wp\/v2\/posts"}],"about":[{"href":"https:\/\/agora.xtec.cat\/ceip-joan-coret\/wp-json\/wp\/v2\/types\/post"}],"author":[{"embeddable":true,"href":"https:\/\/agora.xtec.cat\/ceip-joan-coret\/wp-json\/wp\/v2\/users\/83"}],"replies":[{"embeddable":true,"href":"https:\/\/agora.xtec.cat\/ceip-joan-coret\/wp-json\/wp\/v2\/comments?post=6348"}],"version-history":[{"count":3,"href":"https:\/\/agora.xtec.cat\/ceip-joan-coret\/wp-json\/wp\/v2\/posts\/6348\/revisions"}],"predecessor-version":[{"id":6379,"href":"https:\/\/agora.xtec.cat\/ceip-joan-coret\/wp-json\/wp\/v2\/posts\/6348\/revisions\/6379"}],"wp:attachment":[{"href":"https:\/\/agora.xtec.cat\/ceip-joan-coret\/wp-json\/wp\/v2\/media?parent=6348"}],"wp:term":[{"taxonomy":"category","embeddable":true,"href":"https:\/\/agora.xtec.cat\/ceip-joan-coret\/wp-json\/wp\/v2\/categories?post=6348"},{"taxonomy":"post_tag","embeddable":true,"href":"https:\/\/agora.xtec.cat\/ceip-joan-coret\/wp-json\/wp\/v2\/tags?post=6348"}],"curies":[{"name":"wp","href":"https:\/\/api.w.org\/{rel}","templated":true}]}}