{"id":6335,"date":"2022-11-10T16:39:52","date_gmt":"2022-11-10T15:39:52","guid":{"rendered":"https:\/\/agora.xtec.cat\/ceip-joan-coret\/?p=6335"},"modified":"2022-11-10T16:39:52","modified_gmt":"2022-11-10T15:39:52","slug":"racons-de-3r","status":"publish","type":"post","link":"https:\/\/agora.xtec.cat\/ceip-joan-coret\/general\/racons-de-3r\/","title":{"rendered":"Racons de 3r"},"content":{"rendered":"<p>Els racons de l\u2019\u00e0mbit\u00a0 matem\u00e0tic i de catal\u00e0 es canvien cada dues setmanes i es un treball cooperatiu per grups. Algunes d\u2019aquestes propostes les podeu veure com em treballat. Per exemple: treballar la resoluci\u00f3 de problemes, mitjan\u00e7ant una representaci\u00f3 en 3D de figures geom\u00e8triques i \u00a0a catal\u00e0 em ordenat les parts de 4 notificacions diferents on es treballa la comunicaci\u00f3, lectura, lectura en veu alta, etc.<\/p>\n<p><a href=\"https:\/\/photos.app.goo.gl\/mi3hos7ctV7iUjpw9\" target=\"_blank\" rel=\"noopener\">https:\/\/photos.app.goo.gl\/mi3hos7ctV7iUjpw9<\/a><\/p>\n","protected":false},"excerpt":{"rendered":"<p>Els racons de l\u2019\u00e0mbit\u00a0 matem\u00e0tic i de catal\u00e0 es canvien cada dues setmanes i es un treball cooperatiu per grups. Algunes d\u2019aquestes propostes les podeu veure com em treballat. Per exemple: treballar la resoluci\u00f3 de problemes, mitjan\u00e7ant una representaci\u00f3 en 3D de figures geom\u00e8triques i&hellip;  <a href=\"https:\/\/agora.xtec.cat\/ceip-joan-coret\/general\/racons-de-3r\/\" title=\"Read Racons de 3r\">Llegeix m\u00e9s\u00bb<\/a><\/p>\n","protected":false},"author":69,"featured_media":0,"comment_status":"open","ping_status":"closed","sticky":false,"template":"","format":"standard","meta":{"_bbp_topic_count":0,"_bbp_reply_count":0,"_bbp_total_topic_count":0,"_bbp_total_reply_count":0,"_bbp_voice_count":0,"_bbp_anonymous_reply_count":0,"_bbp_topic_count_hidden":0,"_bbp_reply_count_hidden":0,"_bbp_forum_subforum_count":0,"footnotes":""},"categories":[12,1,4],"tags":[72,247],"class_list":["post-6335","post","type-post","status-publish","format-standard","hentry","category-3r","category-general","category-portada","tag-3r","tag-matematiques"],"post_mailing_queue_ids":[],"_links":{"self":[{"href":"https:\/\/agora.xtec.cat\/ceip-joan-coret\/wp-json\/wp\/v2\/posts\/6335","targetHints":{"allow":["GET"]}}],"collection":[{"href":"https:\/\/agora.xtec.cat\/ceip-joan-coret\/wp-json\/wp\/v2\/posts"}],"about":[{"href":"https:\/\/agora.xtec.cat\/ceip-joan-coret\/wp-json\/wp\/v2\/types\/post"}],"author":[{"embeddable":true,"href":"https:\/\/agora.xtec.cat\/ceip-joan-coret\/wp-json\/wp\/v2\/users\/69"}],"replies":[{"embeddable":true,"href":"https:\/\/agora.xtec.cat\/ceip-joan-coret\/wp-json\/wp\/v2\/comments?post=6335"}],"version-history":[{"count":2,"href":"https:\/\/agora.xtec.cat\/ceip-joan-coret\/wp-json\/wp\/v2\/posts\/6335\/revisions"}],"predecessor-version":[{"id":6338,"href":"https:\/\/agora.xtec.cat\/ceip-joan-coret\/wp-json\/wp\/v2\/posts\/6335\/revisions\/6338"}],"wp:attachment":[{"href":"https:\/\/agora.xtec.cat\/ceip-joan-coret\/wp-json\/wp\/v2\/media?parent=6335"}],"wp:term":[{"taxonomy":"category","embeddable":true,"href":"https:\/\/agora.xtec.cat\/ceip-joan-coret\/wp-json\/wp\/v2\/categories?post=6335"},{"taxonomy":"post_tag","embeddable":true,"href":"https:\/\/agora.xtec.cat\/ceip-joan-coret\/wp-json\/wp\/v2\/tags?post=6335"}],"curies":[{"name":"wp","href":"https:\/\/api.w.org\/{rel}","templated":true}]}}