{"id":6333,"date":"2022-11-09T21:15:51","date_gmt":"2022-11-09T20:15:51","guid":{"rendered":"https:\/\/agora.xtec.cat\/ceip-joan-coret\/?p=6333"},"modified":"2022-11-10T16:36:45","modified_gmt":"2022-11-10T15:36:45","slug":"palau-de-la-musica-catalana","status":"publish","type":"post","link":"https:\/\/agora.xtec.cat\/ceip-joan-coret\/portada\/palau-de-la-musica-catalana\/","title":{"rendered":"Palau de la M\u00fasica Catalana"},"content":{"rendered":"<p><span style=\"font-weight: 400;\">A 4t, estem estudiant les agrupacions musicals. Quina manera m\u00e9s especial de con\u00e8ixer els instruments de la Cobla Catalana! Hem anat al Palau de la M\u00fasica Catalana i els m\u00fasics ens havien preparat un s\u00faper espectacle, fent-nos con\u00e8ixer cada instrument de la cobla. Un cop all\u00e0 hem aprofitat per veure la pla\u00e7a de la catedral i la pla\u00e7a Sant Jaume. Ha estat un dia ben aprofitat!<\/span><\/p>\n<p><a href=\"https:\/\/photos.app.goo.gl\/bRUKXG95J1qibv1AA\" target=\"_blank\" rel=\"noopener\">https:\/\/photos.app.goo.gl\/bRUKXG95J1qibv1AA<\/a><\/p>\n","protected":false},"excerpt":{"rendered":"<p>A 4t, estem estudiant les agrupacions musicals. Quina manera m\u00e9s especial de con\u00e8ixer els instruments de la Cobla Catalana! Hem anat al Palau de la M\u00fasica Catalana i els m\u00fasics ens havien preparat un s\u00faper espectacle, fent-nos con\u00e8ixer cada instrument de la cobla. Un cop&hellip;  <a href=\"https:\/\/agora.xtec.cat\/ceip-joan-coret\/portada\/palau-de-la-musica-catalana\/\" title=\"Read Palau de la M\u00fasica Catalana\">Llegeix m\u00e9s\u00bb<\/a><\/p>\n","protected":false},"author":69,"featured_media":0,"comment_status":"open","ping_status":"closed","sticky":false,"template":"","format":"standard","meta":{"_bbp_topic_count":0,"_bbp_reply_count":0,"_bbp_total_topic_count":0,"_bbp_total_reply_count":0,"_bbp_voice_count":0,"_bbp_anonymous_reply_count":0,"_bbp_topic_count_hidden":0,"_bbp_reply_count_hidden":0,"_bbp_forum_subforum_count":0,"footnotes":""},"categories":[13,61,4],"tags":[92,394],"class_list":["post-6333","post","type-post","status-publish","format-standard","hentry","category-4t","category-musica-primaria","category-portada","tag-4rt","tag-palau-de-la-musica"],"post_mailing_queue_ids":[],"_links":{"self":[{"href":"https:\/\/agora.xtec.cat\/ceip-joan-coret\/wp-json\/wp\/v2\/posts\/6333","targetHints":{"allow":["GET"]}}],"collection":[{"href":"https:\/\/agora.xtec.cat\/ceip-joan-coret\/wp-json\/wp\/v2\/posts"}],"about":[{"href":"https:\/\/agora.xtec.cat\/ceip-joan-coret\/wp-json\/wp\/v2\/types\/post"}],"author":[{"embeddable":true,"href":"https:\/\/agora.xtec.cat\/ceip-joan-coret\/wp-json\/wp\/v2\/users\/69"}],"replies":[{"embeddable":true,"href":"https:\/\/agora.xtec.cat\/ceip-joan-coret\/wp-json\/wp\/v2\/comments?post=6333"}],"version-history":[{"count":2,"href":"https:\/\/agora.xtec.cat\/ceip-joan-coret\/wp-json\/wp\/v2\/posts\/6333\/revisions"}],"predecessor-version":[{"id":6337,"href":"https:\/\/agora.xtec.cat\/ceip-joan-coret\/wp-json\/wp\/v2\/posts\/6333\/revisions\/6337"}],"wp:attachment":[{"href":"https:\/\/agora.xtec.cat\/ceip-joan-coret\/wp-json\/wp\/v2\/media?parent=6333"}],"wp:term":[{"taxonomy":"category","embeddable":true,"href":"https:\/\/agora.xtec.cat\/ceip-joan-coret\/wp-json\/wp\/v2\/categories?post=6333"},{"taxonomy":"post_tag","embeddable":true,"href":"https:\/\/agora.xtec.cat\/ceip-joan-coret\/wp-json\/wp\/v2\/tags?post=6333"}],"curies":[{"name":"wp","href":"https:\/\/api.w.org\/{rel}","templated":true}]}}