{"id":6306,"date":"2022-10-20T10:45:57","date_gmt":"2022-10-20T08:45:57","guid":{"rendered":"https:\/\/agora.xtec.cat\/ceip-joan-coret\/?p=6306"},"modified":"2022-10-24T17:14:16","modified_gmt":"2022-10-24T15:14:16","slug":"museu-de-matematiques-de-catalunya","status":"publish","type":"post","link":"https:\/\/agora.xtec.cat\/ceip-joan-coret\/portada\/museu-de-matematiques-de-catalunya\/","title":{"rendered":"MUSEU DE MATEM\u00c0TIQUES DE CATALUNYA"},"content":{"rendered":"<p>Les classes de 4t vam a anar a gaudir i aprendre al Museu de Matem\u00e0tiques de Catalunya.<\/p>\n<p>Vam estar aprenent d\u00b4una manera molt divertida amb diferents materials.<\/p>\n<p>Aquest tipus de Museu \u00e9s diferent al que ten\u00edem pensat i va ser molt gratificant. A trav\u00e9s de la manipulaci\u00f3 i el raonament vam aconseguir els objectius de manera individual aix\u00ed com tamb\u00e9 en grup.<\/p>\n<p><a href=\"https:\/\/photos.app.goo.gl\/QgTgxcXozHLuZ5Kk8\" target=\"_blank\" rel=\"noopener\">https:\/\/photos.app.goo.gl\/QgTgxcXozHLuZ5Kk8<\/a><\/p>\n","protected":false},"excerpt":{"rendered":"<p>Les classes de 4t vam a anar a gaudir i aprendre al Museu de Matem\u00e0tiques de Catalunya.<br \/>\nVam estar aprenent d\u00b4una manera molt divertida amb diferents materials.<br \/>\nAquest tipus de Museu \u00e9s diferent al que ten\u00edem pensat i va ser molt gratificant. A trav\u00e9s de la manipulaci\u00f3&hellip;  <a href=\"https:\/\/agora.xtec.cat\/ceip-joan-coret\/portada\/museu-de-matematiques-de-catalunya\/\" title=\"Read MUSEU DE MATEM\u00c0TIQUES DE CATALUNYA\">Llegeix m\u00e9s\u00bb<\/a><\/p>\n","protected":false},"author":69,"featured_media":0,"comment_status":"open","ping_status":"closed","sticky":false,"template":"","format":"standard","meta":{"_bbp_topic_count":0,"_bbp_reply_count":0,"_bbp_total_topic_count":0,"_bbp_total_reply_count":0,"_bbp_voice_count":0,"_bbp_anonymous_reply_count":0,"_bbp_topic_count_hidden":0,"_bbp_reply_count_hidden":0,"_bbp_forum_subforum_count":0,"footnotes":""},"categories":[13,4],"tags":[],"class_list":["post-6306","post","type-post","status-publish","format-standard","hentry","category-4t","category-portada"],"post_mailing_queue_ids":[],"_links":{"self":[{"href":"https:\/\/agora.xtec.cat\/ceip-joan-coret\/wp-json\/wp\/v2\/posts\/6306","targetHints":{"allow":["GET"]}}],"collection":[{"href":"https:\/\/agora.xtec.cat\/ceip-joan-coret\/wp-json\/wp\/v2\/posts"}],"about":[{"href":"https:\/\/agora.xtec.cat\/ceip-joan-coret\/wp-json\/wp\/v2\/types\/post"}],"author":[{"embeddable":true,"href":"https:\/\/agora.xtec.cat\/ceip-joan-coret\/wp-json\/wp\/v2\/users\/69"}],"replies":[{"embeddable":true,"href":"https:\/\/agora.xtec.cat\/ceip-joan-coret\/wp-json\/wp\/v2\/comments?post=6306"}],"version-history":[{"count":2,"href":"https:\/\/agora.xtec.cat\/ceip-joan-coret\/wp-json\/wp\/v2\/posts\/6306\/revisions"}],"predecessor-version":[{"id":6313,"href":"https:\/\/agora.xtec.cat\/ceip-joan-coret\/wp-json\/wp\/v2\/posts\/6306\/revisions\/6313"}],"wp:attachment":[{"href":"https:\/\/agora.xtec.cat\/ceip-joan-coret\/wp-json\/wp\/v2\/media?parent=6306"}],"wp:term":[{"taxonomy":"category","embeddable":true,"href":"https:\/\/agora.xtec.cat\/ceip-joan-coret\/wp-json\/wp\/v2\/categories?post=6306"},{"taxonomy":"post_tag","embeddable":true,"href":"https:\/\/agora.xtec.cat\/ceip-joan-coret\/wp-json\/wp\/v2\/tags?post=6306"}],"curies":[{"name":"wp","href":"https:\/\/api.w.org\/{rel}","templated":true}]}}