{"id":6241,"date":"2022-06-23T10:33:06","date_gmt":"2022-06-23T08:33:06","guid":{"rendered":"https:\/\/agora.xtec.cat\/ceip-joan-coret\/?p=6241"},"modified":"2022-06-23T10:34:12","modified_gmt":"2022-06-23T08:34:12","slug":"festa-de-laigua-fi-de-curs-21-22","status":"publish","type":"post","link":"https:\/\/agora.xtec.cat\/ceip-joan-coret\/infantil\/festa-de-laigua-fi-de-curs-21-22\/","title":{"rendered":"Festa de l&#8217;aigua. Fi de curs 21-22"},"content":{"rendered":"<p>L&#8217;\u00faltim dia de classe per a l&#8217;alumnat pot esdevenir trist (per qui marxa), avorrit (per qui vol diversi\u00f3), etc. Per\u00f2 si el dia en q\u00fcesti\u00f3 el &#8220;passem&#8221; per aigua pot sortir un dia M\u00e9s que Divertit! A l&#8217;escola vam fer un circuit on a cada prova ens tocava &#8220;remullar-nos&#8221;. Voleu veure les imatges? Aqu\u00ed les teniu:<\/p>\n<p><a href=\"https:\/\/photos.app.goo.gl\/FDaLt5nG5GU7tPZf7\" target=\"_blank\" rel=\"noopener\">https:\/\/photos.app.goo.gl\/FDaLt5nG5GU7tPZf7<\/a><\/p>\n","protected":false},"excerpt":{"rendered":"<p>L&#8217;\u00faltim dia de classe per a l&#8217;alumnat pot esdevenir trist (per qui marxa), avorrit (per qui vol diversi\u00f3), etc. Per\u00f2 si el dia en q\u00fcesti\u00f3 el &#8220;passem&#8221; per aigua pot sortir un dia M\u00e9s que Divertit! A l&#8217;escola vam fer un circuit on a cada&hellip;  <a href=\"https:\/\/agora.xtec.cat\/ceip-joan-coret\/infantil\/festa-de-laigua-fi-de-curs-21-22\/\" title=\"Read Festa de l&#8217;aigua. Fi de curs 21-22\">Llegeix m\u00e9s\u00bb<\/a><\/p>\n","protected":false},"author":3,"featured_media":0,"comment_status":"open","ping_status":"closed","sticky":false,"template":"","format":"standard","meta":{"_bbp_topic_count":0,"_bbp_reply_count":0,"_bbp_total_topic_count":0,"_bbp_total_reply_count":0,"_bbp_voice_count":0,"_bbp_anonymous_reply_count":0,"_bbp_topic_count_hidden":0,"_bbp_reply_count_hidden":0,"_bbp_forum_subforum_count":0,"footnotes":""},"categories":[2,4,5],"tags":[],"class_list":["post-6241","post","type-post","status-publish","format-standard","hentry","category-infantil","category-portada","category-primaria"],"post_mailing_queue_ids":[],"_links":{"self":[{"href":"https:\/\/agora.xtec.cat\/ceip-joan-coret\/wp-json\/wp\/v2\/posts\/6241","targetHints":{"allow":["GET"]}}],"collection":[{"href":"https:\/\/agora.xtec.cat\/ceip-joan-coret\/wp-json\/wp\/v2\/posts"}],"about":[{"href":"https:\/\/agora.xtec.cat\/ceip-joan-coret\/wp-json\/wp\/v2\/types\/post"}],"author":[{"embeddable":true,"href":"https:\/\/agora.xtec.cat\/ceip-joan-coret\/wp-json\/wp\/v2\/users\/3"}],"replies":[{"embeddable":true,"href":"https:\/\/agora.xtec.cat\/ceip-joan-coret\/wp-json\/wp\/v2\/comments?post=6241"}],"version-history":[{"count":1,"href":"https:\/\/agora.xtec.cat\/ceip-joan-coret\/wp-json\/wp\/v2\/posts\/6241\/revisions"}],"predecessor-version":[{"id":6242,"href":"https:\/\/agora.xtec.cat\/ceip-joan-coret\/wp-json\/wp\/v2\/posts\/6241\/revisions\/6242"}],"wp:attachment":[{"href":"https:\/\/agora.xtec.cat\/ceip-joan-coret\/wp-json\/wp\/v2\/media?parent=6241"}],"wp:term":[{"taxonomy":"category","embeddable":true,"href":"https:\/\/agora.xtec.cat\/ceip-joan-coret\/wp-json\/wp\/v2\/categories?post=6241"},{"taxonomy":"post_tag","embeddable":true,"href":"https:\/\/agora.xtec.cat\/ceip-joan-coret\/wp-json\/wp\/v2\/tags?post=6241"}],"curies":[{"name":"wp","href":"https:\/\/api.w.org\/{rel}","templated":true}]}}