{"id":6223,"date":"2022-06-22T11:47:10","date_gmt":"2022-06-22T09:47:10","guid":{"rendered":"https:\/\/agora.xtec.cat\/ceip-joan-coret\/?p=6223"},"modified":"2022-06-22T11:47:10","modified_gmt":"2022-06-22T09:47:10","slug":"video-i-presentacio-6e-fi-de-curs","status":"publish","type":"post","link":"https:\/\/agora.xtec.cat\/ceip-joan-coret\/portada\/video-i-presentacio-6e-fi-de-curs\/","title":{"rendered":"Video i presentaci\u00f3 6\u00e8 Fi de curs"},"content":{"rendered":"<p>Ja podeu veure i descarregar-vos el video i la presentaci\u00f3 de 6\u00e8 que vam fer per a la seva graducaci\u00f3. Esperem que us agradi i ja veureu com teniu alguna sorpresa m\u00e9s&#8230;<\/p>\n<p><a href=\"https:\/\/drive.google.com\/drive\/folders\/1lsU_fbZQE_ANSk5Pf6vOptuPAgrZDsUp?usp=sharing\" target=\"_blank\" rel=\"noopener\">https:\/\/drive.google.com\/drive\/folders\/1lsU_fbZQE_ANSk5Pf6vOptuPAgrZDsUp?usp=sharing<\/a><\/p>\n","protected":false},"excerpt":{"rendered":"<p>Ja podeu veure i descarregar-vos el video i la presentaci\u00f3 de 6\u00e8 que vam fer per a la seva graducaci\u00f3. Esperem que us agradi i ja veureu com teniu alguna sorpresa m\u00e9s&#8230;<br \/>\n<a href=\"https:\/\/drive.google.com\/drive\/folders\/1lsU_fbZQE_ANSk5Pf6vOptuPAgrZDsUp?usp=sharing\" target=\"_blank\" rel=\"noopener\">https:\/\/drive.google.com\/drive\/folders\/1lsU_fbZQE_ANSk5Pf6vOptuPAgrZDsUp?usp=sharing<\/a><\/p>\n","protected":false},"author":3,"featured_media":0,"comment_status":"open","ping_status":"closed","sticky":false,"template":"","format":"standard","meta":{"_bbp_topic_count":0,"_bbp_reply_count":0,"_bbp_total_topic_count":0,"_bbp_total_reply_count":0,"_bbp_voice_count":0,"_bbp_anonymous_reply_count":0,"_bbp_topic_count_hidden":0,"_bbp_reply_count_hidden":0,"_bbp_forum_subforum_count":0,"footnotes":""},"categories":[15,4],"tags":[],"class_list":["post-6223","post","type-post","status-publish","format-standard","hentry","category-6e","category-portada"],"post_mailing_queue_ids":[],"_links":{"self":[{"href":"https:\/\/agora.xtec.cat\/ceip-joan-coret\/wp-json\/wp\/v2\/posts\/6223","targetHints":{"allow":["GET"]}}],"collection":[{"href":"https:\/\/agora.xtec.cat\/ceip-joan-coret\/wp-json\/wp\/v2\/posts"}],"about":[{"href":"https:\/\/agora.xtec.cat\/ceip-joan-coret\/wp-json\/wp\/v2\/types\/post"}],"author":[{"embeddable":true,"href":"https:\/\/agora.xtec.cat\/ceip-joan-coret\/wp-json\/wp\/v2\/users\/3"}],"replies":[{"embeddable":true,"href":"https:\/\/agora.xtec.cat\/ceip-joan-coret\/wp-json\/wp\/v2\/comments?post=6223"}],"version-history":[{"count":1,"href":"https:\/\/agora.xtec.cat\/ceip-joan-coret\/wp-json\/wp\/v2\/posts\/6223\/revisions"}],"predecessor-version":[{"id":6224,"href":"https:\/\/agora.xtec.cat\/ceip-joan-coret\/wp-json\/wp\/v2\/posts\/6223\/revisions\/6224"}],"wp:attachment":[{"href":"https:\/\/agora.xtec.cat\/ceip-joan-coret\/wp-json\/wp\/v2\/media?parent=6223"}],"wp:term":[{"taxonomy":"category","embeddable":true,"href":"https:\/\/agora.xtec.cat\/ceip-joan-coret\/wp-json\/wp\/v2\/categories?post=6223"},{"taxonomy":"post_tag","embeddable":true,"href":"https:\/\/agora.xtec.cat\/ceip-joan-coret\/wp-json\/wp\/v2\/tags?post=6223"}],"curies":[{"name":"wp","href":"https:\/\/api.w.org\/{rel}","templated":true}]}}