{"id":6219,"date":"2022-06-21T14:12:38","date_gmt":"2022-06-21T12:12:38","guid":{"rendered":"https:\/\/agora.xtec.cat\/ceip-joan-coret\/?p=6219"},"modified":"2022-06-21T14:12:38","modified_gmt":"2022-06-21T12:12:38","slug":"treballem-el-comic-6e","status":"publish","type":"post","link":"https:\/\/agora.xtec.cat\/ceip-joan-coret\/portada\/treballem-el-comic-6e\/","title":{"rendered":"Treballem el C\u00f2mic 6\u00e8"},"content":{"rendered":"<p>A l&#8217;assignatura de Castell\u00e0 hem treballat durant aquest \u00faltim trimestre el C\u00f2mic. Ens han presentat uns treballs espectaculars, hem fet una tria i aqu\u00ed els teniu en forma de llibre digital. Esperem que us agradi!<\/p>\n<p><a href=\"https:\/\/agora.xtec.cat\/ceip-joan-coret\/wp-content\/uploads\/usu1194\/2022\/06\/comic.png\"><img loading=\"lazy\" decoding=\"async\" class=\"size-medium wp-image-6220 alignleft\" src=\"https:\/\/agora.xtec.cat\/ceip-joan-coret\/wp-content\/uploads\/usu1194\/2022\/06\/comic-199x300.png\" alt=\"\" width=\"199\" height=\"300\" srcset=\"https:\/\/agora.xtec.cat\/ceip-joan-coret\/wp-content\/uploads\/usu1194\/2022\/06\/comic-199x300.png 199w, https:\/\/agora.xtec.cat\/ceip-joan-coret\/wp-content\/uploads\/usu1194\/2022\/06\/comic.png 553w\" sizes=\"auto, (max-width: 199px) 100vw, 199px\" \/><\/a><\/p>\n<p>&nbsp;<\/p>\n<p>&nbsp;<\/p>\n<p>&nbsp;<\/p>\n<p><a href=\"https:\/\/read.bookcreator.com\/g75xQCeAJERH4pTxUxwzulmv3ZV2\/Pfl8TF9rQce9h5Y5xPGF2Q\" target=\"_blank\" rel=\"noopener\">https:\/\/read.bookcreator.com\/g75xQCeAJERH4pTxUxwzulmv3ZV2\/Pfl8TF9rQce9h5Y5xPGF2Q<\/a><\/p>\n","protected":false},"excerpt":{"rendered":"<p>A l&#8217;assignatura de Castell\u00e0 hem treballat durant aquest \u00faltim trimestre el C\u00f2mic. Ens han presentat uns treballs espectaculars, hem fet una tria i aqu\u00ed els teniu en forma de llibre digital. Esperem que us agradi!<br \/>\n<a href=\"https:\/\/agora.xtec.cat\/ceip-joan-coret\/wp-content\/uploads\/usu1194\/2022\/06\/comic.png\"><\/a><br \/>\n&nbsp;<br \/>\n&nbsp;<br \/>\n&nbsp;<br \/>\n<a href=\"https:\/\/read.bookcreator.com\/g75xQCeAJERH4pTxUxwzulmv3ZV2\/Pfl8TF9rQce9h5Y5xPGF2Q\" target=\"_blank\" rel=\"noopener\">https:\/\/read.bookcreator.com\/g75xQCeAJERH4pTxUxwzulmv3ZV2\/Pfl8TF9rQce9h5Y5xPGF2Q<\/a><\/p>\n","protected":false},"author":3,"featured_media":0,"comment_status":"open","ping_status":"closed","sticky":false,"template":"","format":"standard","meta":{"_bbp_topic_count":0,"_bbp_reply_count":0,"_bbp_total_topic_count":0,"_bbp_total_reply_count":0,"_bbp_voice_count":0,"_bbp_anonymous_reply_count":0,"_bbp_topic_count_hidden":0,"_bbp_reply_count_hidden":0,"_bbp_forum_subforum_count":0,"footnotes":""},"categories":[15,4],"tags":[],"class_list":["post-6219","post","type-post","status-publish","format-standard","hentry","category-6e","category-portada"],"post_mailing_queue_ids":[],"_links":{"self":[{"href":"https:\/\/agora.xtec.cat\/ceip-joan-coret\/wp-json\/wp\/v2\/posts\/6219","targetHints":{"allow":["GET"]}}],"collection":[{"href":"https:\/\/agora.xtec.cat\/ceip-joan-coret\/wp-json\/wp\/v2\/posts"}],"about":[{"href":"https:\/\/agora.xtec.cat\/ceip-joan-coret\/wp-json\/wp\/v2\/types\/post"}],"author":[{"embeddable":true,"href":"https:\/\/agora.xtec.cat\/ceip-joan-coret\/wp-json\/wp\/v2\/users\/3"}],"replies":[{"embeddable":true,"href":"https:\/\/agora.xtec.cat\/ceip-joan-coret\/wp-json\/wp\/v2\/comments?post=6219"}],"version-history":[{"count":1,"href":"https:\/\/agora.xtec.cat\/ceip-joan-coret\/wp-json\/wp\/v2\/posts\/6219\/revisions"}],"predecessor-version":[{"id":6221,"href":"https:\/\/agora.xtec.cat\/ceip-joan-coret\/wp-json\/wp\/v2\/posts\/6219\/revisions\/6221"}],"wp:attachment":[{"href":"https:\/\/agora.xtec.cat\/ceip-joan-coret\/wp-json\/wp\/v2\/media?parent=6219"}],"wp:term":[{"taxonomy":"category","embeddable":true,"href":"https:\/\/agora.xtec.cat\/ceip-joan-coret\/wp-json\/wp\/v2\/categories?post=6219"},{"taxonomy":"post_tag","embeddable":true,"href":"https:\/\/agora.xtec.cat\/ceip-joan-coret\/wp-json\/wp\/v2\/tags?post=6219"}],"curies":[{"name":"wp","href":"https:\/\/api.w.org\/{rel}","templated":true}]}}