{"id":6170,"date":"2022-06-19T13:55:34","date_gmt":"2022-06-19T11:55:34","guid":{"rendered":"https:\/\/agora.xtec.cat\/ceip-joan-coret\/?p=6170"},"modified":"2022-06-23T10:21:31","modified_gmt":"2022-06-23T08:21:31","slug":"cooperativa","status":"publish","type":"post","link":"https:\/\/agora.xtec.cat\/ceip-joan-coret\/portada\/cooperativa\/","title":{"rendered":"Cooperativa.-"},"content":{"rendered":"<blockquote><p>Aquest curs els alumnes de 5\u00e8 han participat en el programa de la Diputaci\u00f3 de Barcelona\u00a0<em>Cultura Emprenedora a l&#8217;Escola\u00a0<\/em>i han creat dues cooperatives: 5\u00e8A <em>Cooperarets<\/em> i 5\u00e8B\u00a0<em>25Coop. Han <\/em>comen\u00e7at coneixent el funcionament d&#8217;una cooperativa passant per la creaci\u00f3 dels diversos departaments, la idea de negoci, la imatge corporativa, la producci\u00f3\u00a0 i la venda\u00a0 entre d&#8217;altres i en tot moment comptant amb el suport de l&#8217;Ajuntament de Badalona. Aquest projecte s&#8217;ha\u00a0 treballat de manera transversal a l\u2019escola, de manera que el logotip l&#8217;han fet a pl\u00e0stica o b\u00e9 la comptabilitat de la cooperativa l&#8217;han supervisat a matem\u00e0tiques. Entre un 25 i un 35% dels guanys s&#8217;han donat a la Fundaci\u00f3\u00a0 &#8220;Tot per Tu&#8221; i &#8220;Diabetes 0&#8221;, perqu\u00e8 puguin continuar en la recerca i investigaci\u00f3 del c\u00e0ncer infantil i de la diabetis.<\/p>\n<p>Ha estat un projecte molt motivador i els nostres alumnes n&#8217;han gaudit molt.<\/p>\n<p>Us deixem aqu\u00ed algunes imatges.<\/p>\n<p><a href=\"https:\/\/photos.app.goo.gl\/JtZAemZ8D1aopFUaA\" target=\"_blank\" rel=\"noopener\">https:\/\/photos.app.goo.gl\/JtZAemZ8D1aopFUaA<\/a><\/p>\n<\/blockquote>\n<p>&nbsp;<\/p>\n","protected":false},"excerpt":{"rendered":"<p>Aquest curs els alumnes de 5\u00e8 han participat en el programa de la Diputaci\u00f3 de Barcelona\u00a0Cultura Emprenedora a l&#8217;Escola\u00a0i han creat dues cooperatives: 5\u00e8A Cooperarets i 5\u00e8B\u00a025Coop. Han comen\u00e7at coneixent el funcionament d&#8217;una cooperativa passant per la creaci\u00f3 dels diversos departaments, la idea de negoci,&hellip;  <a href=\"https:\/\/agora.xtec.cat\/ceip-joan-coret\/portada\/cooperativa\/\" title=\"Read Cooperativa.-\">Llegeix m\u00e9s\u00bb<\/a><\/p>\n","protected":false},"author":76,"featured_media":6174,"comment_status":"open","ping_status":"closed","sticky":false,"template":"","format":"standard","meta":{"_bbp_topic_count":0,"_bbp_reply_count":0,"_bbp_total_topic_count":0,"_bbp_total_reply_count":0,"_bbp_voice_count":0,"_bbp_anonymous_reply_count":0,"_bbp_topic_count_hidden":0,"_bbp_reply_count_hidden":0,"_bbp_forum_subforum_count":0,"footnotes":""},"categories":[14,4],"tags":[],"class_list":["post-6170","post","type-post","status-publish","format-standard","has-post-thumbnail","hentry","category-5e","category-portada"],"post_mailing_queue_ids":[],"_links":{"self":[{"href":"https:\/\/agora.xtec.cat\/ceip-joan-coret\/wp-json\/wp\/v2\/posts\/6170","targetHints":{"allow":["GET"]}}],"collection":[{"href":"https:\/\/agora.xtec.cat\/ceip-joan-coret\/wp-json\/wp\/v2\/posts"}],"about":[{"href":"https:\/\/agora.xtec.cat\/ceip-joan-coret\/wp-json\/wp\/v2\/types\/post"}],"author":[{"embeddable":true,"href":"https:\/\/agora.xtec.cat\/ceip-joan-coret\/wp-json\/wp\/v2\/users\/76"}],"replies":[{"embeddable":true,"href":"https:\/\/agora.xtec.cat\/ceip-joan-coret\/wp-json\/wp\/v2\/comments?post=6170"}],"version-history":[{"count":3,"href":"https:\/\/agora.xtec.cat\/ceip-joan-coret\/wp-json\/wp\/v2\/posts\/6170\/revisions"}],"predecessor-version":[{"id":6238,"href":"https:\/\/agora.xtec.cat\/ceip-joan-coret\/wp-json\/wp\/v2\/posts\/6170\/revisions\/6238"}],"wp:featuredmedia":[{"embeddable":true,"href":"https:\/\/agora.xtec.cat\/ceip-joan-coret\/wp-json\/wp\/v2\/media\/6174"}],"wp:attachment":[{"href":"https:\/\/agora.xtec.cat\/ceip-joan-coret\/wp-json\/wp\/v2\/media?parent=6170"}],"wp:term":[{"taxonomy":"category","embeddable":true,"href":"https:\/\/agora.xtec.cat\/ceip-joan-coret\/wp-json\/wp\/v2\/categories?post=6170"},{"taxonomy":"post_tag","embeddable":true,"href":"https:\/\/agora.xtec.cat\/ceip-joan-coret\/wp-json\/wp\/v2\/tags?post=6170"}],"curies":[{"name":"wp","href":"https:\/\/api.w.org\/{rel}","templated":true}]}}