{"id":5978,"date":"2022-05-20T09:31:50","date_gmt":"2022-05-20T07:31:50","guid":{"rendered":"https:\/\/agora.xtec.cat\/ceip-joan-coret\/?p=5978"},"modified":"2022-06-10T13:18:12","modified_gmt":"2022-06-10T11:18:12","slug":"badatletisme-5e-21-22","status":"publish","type":"post","link":"https:\/\/agora.xtec.cat\/ceip-joan-coret\/portada\/badatletisme-5e-21-22\/","title":{"rendered":"Badatletisme 5\u00e8 21-22"},"content":{"rendered":"<p>El passat dilluns va desenvolupar-se la jornada del Badatletisme organitzada pel grup de mestres d&#8217;Educaci\u00f3 F\u00edsica de Badalona. Vam anar les dues classes de 5\u00e8 a les pistes d&#8217;Atletisme de Paco \u00c1guila. Ens ho vam passar molt b\u00e9, vam tenir calor (feia molt de Sol) i al final vam acabar fent un ball totes les escoles participants. Aqu\u00ed tenim les fotos:<\/p>\n<p><a href=\"https:\/\/photos.app.goo.gl\/Vem9eqiGNJLFhVJr7\" target=\"_blank\" rel=\"noopener\">https:\/\/photos.app.goo.gl\/Vem9eqiGNJLFhVJr7<\/a><\/p>\n","protected":false},"excerpt":{"rendered":"<p>El passat dilluns va desenvolupar-se la jornada del Badatletisme organitzada pel grup de mestres d&#8217;Educaci\u00f3 F\u00edsica de Badalona. Vam anar les dues classes de 5\u00e8 a les pistes d&#8217;Atletisme de Paco \u00c1guila. Ens ho vam passar molt b\u00e9, vam tenir calor (feia molt de Sol)&hellip;  <a href=\"https:\/\/agora.xtec.cat\/ceip-joan-coret\/portada\/badatletisme-5e-21-22\/\" title=\"Read Badatletisme 5\u00e8 21-22\">Llegeix m\u00e9s\u00bb<\/a><\/p>\n","protected":false},"author":3,"featured_media":0,"comment_status":"open","ping_status":"closed","sticky":false,"template":"","format":"standard","meta":{"_bbp_topic_count":0,"_bbp_reply_count":0,"_bbp_total_topic_count":0,"_bbp_total_reply_count":0,"_bbp_voice_count":0,"_bbp_anonymous_reply_count":0,"_bbp_topic_count_hidden":0,"_bbp_reply_count_hidden":0,"_bbp_forum_subforum_count":0,"footnotes":""},"categories":[14,4],"tags":[295,166],"class_list":["post-5978","post","type-post","status-publish","format-standard","hentry","category-5e","category-portada","tag-badasport","tag-badatletisme"],"post_mailing_queue_ids":[],"_links":{"self":[{"href":"https:\/\/agora.xtec.cat\/ceip-joan-coret\/wp-json\/wp\/v2\/posts\/5978","targetHints":{"allow":["GET"]}}],"collection":[{"href":"https:\/\/agora.xtec.cat\/ceip-joan-coret\/wp-json\/wp\/v2\/posts"}],"about":[{"href":"https:\/\/agora.xtec.cat\/ceip-joan-coret\/wp-json\/wp\/v2\/types\/post"}],"author":[{"embeddable":true,"href":"https:\/\/agora.xtec.cat\/ceip-joan-coret\/wp-json\/wp\/v2\/users\/3"}],"replies":[{"embeddable":true,"href":"https:\/\/agora.xtec.cat\/ceip-joan-coret\/wp-json\/wp\/v2\/comments?post=5978"}],"version-history":[{"count":2,"href":"https:\/\/agora.xtec.cat\/ceip-joan-coret\/wp-json\/wp\/v2\/posts\/5978\/revisions"}],"predecessor-version":[{"id":5997,"href":"https:\/\/agora.xtec.cat\/ceip-joan-coret\/wp-json\/wp\/v2\/posts\/5978\/revisions\/5997"}],"wp:attachment":[{"href":"https:\/\/agora.xtec.cat\/ceip-joan-coret\/wp-json\/wp\/v2\/media?parent=5978"}],"wp:term":[{"taxonomy":"category","embeddable":true,"href":"https:\/\/agora.xtec.cat\/ceip-joan-coret\/wp-json\/wp\/v2\/categories?post=5978"},{"taxonomy":"post_tag","embeddable":true,"href":"https:\/\/agora.xtec.cat\/ceip-joan-coret\/wp-json\/wp\/v2\/tags?post=5978"}],"curies":[{"name":"wp","href":"https:\/\/api.w.org\/{rel}","templated":true}]}}