{"id":5939,"date":"2022-05-10T13:07:49","date_gmt":"2022-05-10T11:07:49","guid":{"rendered":"https:\/\/agora.xtec.cat\/ceip-joan-coret\/?p=5939"},"modified":"2022-05-10T13:07:49","modified_gmt":"2022-05-10T11:07:49","slug":"baixada-al-dimoni-4rt-5e-i-6e","status":"publish","type":"post","link":"https:\/\/agora.xtec.cat\/ceip-joan-coret\/portada\/baixada-al-dimoni-4rt-5e-i-6e\/","title":{"rendered":"Baixada al Dimoni 4rt, 5\u00e8 i 6\u00e8"},"content":{"rendered":"<p>El passat divendres 6 de maig les classes de 4rt, 5\u00e8 i 6\u00e8 vam baixar a visitar el dimoni de Badalona per les festes de maig. Despr\u00e9s vam fer unes activitats a la platja i ens ho vam passar molt b\u00e9. Caloret vam passar per\u00f2 per sort port\u00e0vem crema solar.<\/p>\n<p><a href=\"https:\/\/photos.app.goo.gl\/wHY1yvaahUS6Sb1S8\" target=\"_blank\" rel=\"noopener\">https:\/\/photos.app.goo.gl\/wHY1yvaahUS6Sb1S8<\/a><\/p>\n","protected":false},"excerpt":{"rendered":"<p>El passat divendres 6 de maig les classes de 4rt, 5\u00e8 i 6\u00e8 vam baixar a visitar el dimoni de Badalona per les festes de maig. Despr\u00e9s vam fer unes activitats a la platja i ens ho vam passar molt b\u00e9. Caloret vam passar per\u00f2&hellip;  <a href=\"https:\/\/agora.xtec.cat\/ceip-joan-coret\/portada\/baixada-al-dimoni-4rt-5e-i-6e\/\" title=\"Read Baixada al Dimoni 4rt, 5\u00e8 i 6\u00e8\">Llegeix m\u00e9s\u00bb<\/a><\/p>\n","protected":false},"author":3,"featured_media":0,"comment_status":"open","ping_status":"closed","sticky":false,"template":"","format":"standard","meta":{"_bbp_topic_count":0,"_bbp_reply_count":0,"_bbp_total_topic_count":0,"_bbp_total_reply_count":0,"_bbp_voice_count":0,"_bbp_anonymous_reply_count":0,"_bbp_topic_count_hidden":0,"_bbp_reply_count_hidden":0,"_bbp_forum_subforum_count":0,"footnotes":""},"categories":[13,14,15,4],"tags":[],"class_list":["post-5939","post","type-post","status-publish","format-standard","hentry","category-4t","category-5e","category-6e","category-portada"],"post_mailing_queue_ids":[],"_links":{"self":[{"href":"https:\/\/agora.xtec.cat\/ceip-joan-coret\/wp-json\/wp\/v2\/posts\/5939","targetHints":{"allow":["GET"]}}],"collection":[{"href":"https:\/\/agora.xtec.cat\/ceip-joan-coret\/wp-json\/wp\/v2\/posts"}],"about":[{"href":"https:\/\/agora.xtec.cat\/ceip-joan-coret\/wp-json\/wp\/v2\/types\/post"}],"author":[{"embeddable":true,"href":"https:\/\/agora.xtec.cat\/ceip-joan-coret\/wp-json\/wp\/v2\/users\/3"}],"replies":[{"embeddable":true,"href":"https:\/\/agora.xtec.cat\/ceip-joan-coret\/wp-json\/wp\/v2\/comments?post=5939"}],"version-history":[{"count":1,"href":"https:\/\/agora.xtec.cat\/ceip-joan-coret\/wp-json\/wp\/v2\/posts\/5939\/revisions"}],"predecessor-version":[{"id":5940,"href":"https:\/\/agora.xtec.cat\/ceip-joan-coret\/wp-json\/wp\/v2\/posts\/5939\/revisions\/5940"}],"wp:attachment":[{"href":"https:\/\/agora.xtec.cat\/ceip-joan-coret\/wp-json\/wp\/v2\/media?parent=5939"}],"wp:term":[{"taxonomy":"category","embeddable":true,"href":"https:\/\/agora.xtec.cat\/ceip-joan-coret\/wp-json\/wp\/v2\/categories?post=5939"},{"taxonomy":"post_tag","embeddable":true,"href":"https:\/\/agora.xtec.cat\/ceip-joan-coret\/wp-json\/wp\/v2\/tags?post=5939"}],"curies":[{"name":"wp","href":"https:\/\/api.w.org\/{rel}","templated":true}]}}