{"id":5935,"date":"2022-05-09T10:46:56","date_gmt":"2022-05-09T08:46:56","guid":{"rendered":"https:\/\/agora.xtec.cat\/ceip-joan-coret\/?p=5935"},"modified":"2022-05-13T12:51:06","modified_gmt":"2022-05-13T10:51:06","slug":"badajoc","status":"publish","type":"post","link":"https:\/\/agora.xtec.cat\/ceip-joan-coret\/portada\/badajoc\/","title":{"rendered":"Badajoc"},"content":{"rendered":"<p>Els nens i nenes de 3r dels municipis de Badalona i Sant Adri\u00e0, ens vam trobar per fer unes activitats al Parc de Can Solei i Ca l\u00b4Arn\u00fas.<\/p>\n<p>Ens ho vam passar d\u00b4all\u00f2 m\u00e9s b\u00e9. Ens va fer molta il\u00b7lusi\u00f3 veure companys i companyes d\u00b4altres escoles.<\/p>\n<p>Aqu\u00ed podeu veure unes fotos perqu\u00e8 tingueu una idea.<\/p>\n<p><a href=\"https:\/\/photos.app.goo.gl\/UwZdyBBv95ctBD656\" target=\"_blank\" rel=\"noopener\">https:\/\/photos.app.goo.gl\/UwZdyBBv95ctBD656<\/a><\/p>\n<p>&nbsp;<\/p>\n","protected":false},"excerpt":{"rendered":"<p>Els nens i nenes de 3r dels municipis de Badalona i Sant Adri\u00e0, ens vam trobar per fer unes activitats al Parc de Can Solei i Ca l\u00b4Arn\u00fas.<br \/>\nEns ho vam passar d\u00b4all\u00f2 m\u00e9s b\u00e9. Ens va fer molta il\u00b7lusi\u00f3 veure companys i companyes d\u00b4altres escoles.<br \/>\nAqu\u00ed&hellip;  <a href=\"https:\/\/agora.xtec.cat\/ceip-joan-coret\/portada\/badajoc\/\" title=\"Read Badajoc\">Llegeix m\u00e9s\u00bb<\/a><\/p>\n","protected":false},"author":69,"featured_media":0,"comment_status":"open","ping_status":"closed","sticky":false,"template":"","format":"standard","meta":{"_bbp_topic_count":0,"_bbp_reply_count":0,"_bbp_total_topic_count":0,"_bbp_total_reply_count":0,"_bbp_voice_count":0,"_bbp_anonymous_reply_count":0,"_bbp_topic_count_hidden":0,"_bbp_reply_count_hidden":0,"_bbp_forum_subforum_count":0,"footnotes":""},"categories":[12,4],"tags":[],"class_list":["post-5935","post","type-post","status-publish","format-standard","hentry","category-3r","category-portada"],"post_mailing_queue_ids":[],"_links":{"self":[{"href":"https:\/\/agora.xtec.cat\/ceip-joan-coret\/wp-json\/wp\/v2\/posts\/5935","targetHints":{"allow":["GET"]}}],"collection":[{"href":"https:\/\/agora.xtec.cat\/ceip-joan-coret\/wp-json\/wp\/v2\/posts"}],"about":[{"href":"https:\/\/agora.xtec.cat\/ceip-joan-coret\/wp-json\/wp\/v2\/types\/post"}],"author":[{"embeddable":true,"href":"https:\/\/agora.xtec.cat\/ceip-joan-coret\/wp-json\/wp\/v2\/users\/69"}],"replies":[{"embeddable":true,"href":"https:\/\/agora.xtec.cat\/ceip-joan-coret\/wp-json\/wp\/v2\/comments?post=5935"}],"version-history":[{"count":3,"href":"https:\/\/agora.xtec.cat\/ceip-joan-coret\/wp-json\/wp\/v2\/posts\/5935\/revisions"}],"predecessor-version":[{"id":5949,"href":"https:\/\/agora.xtec.cat\/ceip-joan-coret\/wp-json\/wp\/v2\/posts\/5935\/revisions\/5949"}],"wp:attachment":[{"href":"https:\/\/agora.xtec.cat\/ceip-joan-coret\/wp-json\/wp\/v2\/media?parent=5935"}],"wp:term":[{"taxonomy":"category","embeddable":true,"href":"https:\/\/agora.xtec.cat\/ceip-joan-coret\/wp-json\/wp\/v2\/categories?post=5935"},{"taxonomy":"post_tag","embeddable":true,"href":"https:\/\/agora.xtec.cat\/ceip-joan-coret\/wp-json\/wp\/v2\/tags?post=5935"}],"curies":[{"name":"wp","href":"https:\/\/api.w.org\/{rel}","templated":true}]}}