{"id":5885,"date":"2022-05-02T16:25:55","date_gmt":"2022-05-02T14:25:55","guid":{"rendered":"https:\/\/agora.xtec.cat\/ceip-joan-coret\/?p=5885"},"modified":"2022-05-02T16:29:09","modified_gmt":"2022-05-02T14:29:09","slug":"fundacio-pere-closa-4rt-21-22","status":"publish","type":"post","link":"https:\/\/agora.xtec.cat\/ceip-joan-coret\/portada\/fundacio-pere-closa-4rt-21-22\/","title":{"rendered":"Fundaci\u00f3 Pere Closa 4rt 21-22"},"content":{"rendered":"<p>La Fundaci\u00f3 Pere Closa per a la formaci\u00f3 i la promoci\u00f3 dels gitanos a Catalunya amb el suport del Departament d&#8217;Educaci\u00f3 de la Generalitat de Catalunya, avui ens ha vingut a explicar\u00a0 a l&#8217;escola un &#8220;Conte Promane&#8221;.<\/p>\n<p><a href=\"https:\/\/photos.app.goo.gl\/ZQMys5fSSBKD4vAf9\" target=\"_blank\" rel=\"noopener\">https:\/\/photos.app.goo.gl\/ZQMys5fSSBKD4vAf9<\/a><\/p>\n","protected":false},"excerpt":{"rendered":"<p>La Fundaci\u00f3 Pere Closa per a la formaci\u00f3 i la promoci\u00f3 dels gitanos a Catalunya amb el suport del Departament d&#8217;Educaci\u00f3 de la Generalitat de Catalunya, avui ens ha vingut a explicar\u00a0 a l&#8217;escola un &#8220;Conte Promane&#8221;.<br \/>\n<a href=\"https:\/\/photos.app.goo.gl\/ZQMys5fSSBKD4vAf9\" target=\"_blank\" rel=\"noopener\">https:\/\/photos.app.goo.gl\/ZQMys5fSSBKD4vAf9<\/a><\/p>\n","protected":false},"author":3,"featured_media":0,"comment_status":"open","ping_status":"closed","sticky":false,"template":"","format":"standard","meta":{"_bbp_topic_count":0,"_bbp_reply_count":0,"_bbp_total_topic_count":0,"_bbp_total_reply_count":0,"_bbp_voice_count":0,"_bbp_anonymous_reply_count":0,"_bbp_topic_count_hidden":0,"_bbp_reply_count_hidden":0,"_bbp_forum_subforum_count":0,"footnotes":""},"categories":[13,4],"tags":[390],"class_list":["post-5885","post","type-post","status-publish","format-standard","hentry","category-4t","category-portada","tag-fundacio-pere-closa"],"post_mailing_queue_ids":[],"_links":{"self":[{"href":"https:\/\/agora.xtec.cat\/ceip-joan-coret\/wp-json\/wp\/v2\/posts\/5885","targetHints":{"allow":["GET"]}}],"collection":[{"href":"https:\/\/agora.xtec.cat\/ceip-joan-coret\/wp-json\/wp\/v2\/posts"}],"about":[{"href":"https:\/\/agora.xtec.cat\/ceip-joan-coret\/wp-json\/wp\/v2\/types\/post"}],"author":[{"embeddable":true,"href":"https:\/\/agora.xtec.cat\/ceip-joan-coret\/wp-json\/wp\/v2\/users\/3"}],"replies":[{"embeddable":true,"href":"https:\/\/agora.xtec.cat\/ceip-joan-coret\/wp-json\/wp\/v2\/comments?post=5885"}],"version-history":[{"count":2,"href":"https:\/\/agora.xtec.cat\/ceip-joan-coret\/wp-json\/wp\/v2\/posts\/5885\/revisions"}],"predecessor-version":[{"id":5887,"href":"https:\/\/agora.xtec.cat\/ceip-joan-coret\/wp-json\/wp\/v2\/posts\/5885\/revisions\/5887"}],"wp:attachment":[{"href":"https:\/\/agora.xtec.cat\/ceip-joan-coret\/wp-json\/wp\/v2\/media?parent=5885"}],"wp:term":[{"taxonomy":"category","embeddable":true,"href":"https:\/\/agora.xtec.cat\/ceip-joan-coret\/wp-json\/wp\/v2\/categories?post=5885"},{"taxonomy":"post_tag","embeddable":true,"href":"https:\/\/agora.xtec.cat\/ceip-joan-coret\/wp-json\/wp\/v2\/tags?post=5885"}],"curies":[{"name":"wp","href":"https:\/\/api.w.org\/{rel}","templated":true}]}}