{"id":5873,"date":"2022-04-26T10:23:28","date_gmt":"2022-04-26T08:23:28","guid":{"rendered":"https:\/\/agora.xtec.cat\/ceip-joan-coret\/?p=5873"},"modified":"2022-05-02T16:02:17","modified_gmt":"2022-05-02T14:02:17","slug":"auditori-4rt-i-6e","status":"publish","type":"post","link":"https:\/\/agora.xtec.cat\/ceip-joan-coret\/portada\/auditori-4rt-i-6e\/","title":{"rendered":"Auditori 4rt i 6\u00e8"},"content":{"rendered":"<p>Les classes de 4rt i de 6\u00e8 vam anar a l&#8217;Auditori de Barcelona a gaudir de l&#8217;experiencia de la musica barroca, ho vam passar realment b\u00e9 i tots vam acabar molt contents i contentes, no va passar res dolent i a m\u00e9s a m\u00e9s, a l&#8217;autocar, tots i totes ens van comportar b\u00e9.<\/p>\n<p>Per acabar vull dir que l&#8217;experi\u00e8ncia va complir les nostres expectatives i tornariem a repetir.<\/p>\n<p><a href=\"https:\/\/photos.app.goo.gl\/fvK9ohHRjzJHkUs38\" target=\"_blank\" rel=\"noopener\">https:\/\/photos.app.goo.gl\/fvK9ohHRjzJHkUs38<\/a><\/p>\n","protected":false},"excerpt":{"rendered":"<p>Les classes de 4rt i de 6\u00e8 vam anar a l&#8217;Auditori de Barcelona a gaudir de l&#8217;experiencia de la musica barroca, ho vam passar realment b\u00e9 i tots vam acabar molt contents i contentes, no va passar res dolent i a m\u00e9s a m\u00e9s, a&hellip;  <a href=\"https:\/\/agora.xtec.cat\/ceip-joan-coret\/portada\/auditori-4rt-i-6e\/\" title=\"Read Auditori 4rt i 6\u00e8\">Llegeix m\u00e9s\u00bb<\/a><\/p>\n","protected":false},"author":3,"featured_media":0,"comment_status":"open","ping_status":"closed","sticky":false,"template":"","format":"standard","meta":{"_bbp_topic_count":0,"_bbp_reply_count":0,"_bbp_total_topic_count":0,"_bbp_total_reply_count":0,"_bbp_voice_count":0,"_bbp_anonymous_reply_count":0,"_bbp_topic_count_hidden":0,"_bbp_reply_count_hidden":0,"_bbp_forum_subforum_count":0,"footnotes":""},"categories":[13,15,4],"tags":[],"class_list":["post-5873","post","type-post","status-publish","format-standard","hentry","category-4t","category-6e","category-portada"],"post_mailing_queue_ids":[],"_links":{"self":[{"href":"https:\/\/agora.xtec.cat\/ceip-joan-coret\/wp-json\/wp\/v2\/posts\/5873","targetHints":{"allow":["GET"]}}],"collection":[{"href":"https:\/\/agora.xtec.cat\/ceip-joan-coret\/wp-json\/wp\/v2\/posts"}],"about":[{"href":"https:\/\/agora.xtec.cat\/ceip-joan-coret\/wp-json\/wp\/v2\/types\/post"}],"author":[{"embeddable":true,"href":"https:\/\/agora.xtec.cat\/ceip-joan-coret\/wp-json\/wp\/v2\/users\/3"}],"replies":[{"embeddable":true,"href":"https:\/\/agora.xtec.cat\/ceip-joan-coret\/wp-json\/wp\/v2\/comments?post=5873"}],"version-history":[{"count":1,"href":"https:\/\/agora.xtec.cat\/ceip-joan-coret\/wp-json\/wp\/v2\/posts\/5873\/revisions"}],"predecessor-version":[{"id":5874,"href":"https:\/\/agora.xtec.cat\/ceip-joan-coret\/wp-json\/wp\/v2\/posts\/5873\/revisions\/5874"}],"wp:attachment":[{"href":"https:\/\/agora.xtec.cat\/ceip-joan-coret\/wp-json\/wp\/v2\/media?parent=5873"}],"wp:term":[{"taxonomy":"category","embeddable":true,"href":"https:\/\/agora.xtec.cat\/ceip-joan-coret\/wp-json\/wp\/v2\/categories?post=5873"},{"taxonomy":"post_tag","embeddable":true,"href":"https:\/\/agora.xtec.cat\/ceip-joan-coret\/wp-json\/wp\/v2\/tags?post=5873"}],"curies":[{"name":"wp","href":"https:\/\/api.w.org\/{rel}","templated":true}]}}