{"id":587,"date":"2017-10-23T15:19:53","date_gmt":"2017-10-23T13:19:53","guid":{"rendered":"http:\/\/agora.xtec.cat\/ceip-joan-coret\/?p=587"},"modified":"2017-10-23T15:19:53","modified_gmt":"2017-10-23T13:19:53","slug":"instrumentacio-visca-el-foc-5e","status":"publish","type":"post","link":"https:\/\/agora.xtec.cat\/ceip-joan-coret\/portada\/instrumentacio-visca-el-foc-5e\/","title":{"rendered":"Instrumentaci\u00f3 Visca el foc 5\u00e8"},"content":{"rendered":"<p>Els nens i nenes de 5\u00e8 han preparat la\u00a0Instrumentaci\u00f3 Visca el foc. Aqu\u00ed teniu els videos:<\/p>\n<p><iframe loading=\"lazy\" src=\"\/\/www.youtube.com\/embed\/__OWLlApAY8\" width=\"300\" height=\"168\" allowfullscreen=\"allowfullscreen\"><\/iframe><iframe loading=\"lazy\" src=\"\/\/www.youtube.com\/embed\/FmEdDIPiMUY\" width=\"300\" height=\"168\" allowfullscreen=\"allowfullscreen\"><\/iframe><\/p>\n","protected":false},"excerpt":{"rendered":"<p>Els nens i nenes de 5\u00e8 han preparat la\u00a0Instrumentaci\u00f3 Visca el foc. Aqu\u00ed teniu els videos:<\/p>\n","protected":false},"author":3,"featured_media":588,"comment_status":"open","ping_status":"closed","sticky":false,"template":"","format":"standard","meta":{"_bbp_topic_count":0,"_bbp_reply_count":0,"_bbp_total_topic_count":0,"_bbp_total_reply_count":0,"_bbp_voice_count":0,"_bbp_anonymous_reply_count":0,"_bbp_topic_count_hidden":0,"_bbp_reply_count_hidden":0,"_bbp_forum_subforum_count":0,"footnotes":""},"categories":[14,61,4],"tags":[68,62,63],"class_list":["post-587","post","type-post","status-publish","format-standard","has-post-thumbnail","hentry","category-5e","category-musica-primaria","category-portada","tag-5e","tag-musica","tag-primaria"],"post_mailing_queue_ids":[],"_links":{"self":[{"href":"https:\/\/agora.xtec.cat\/ceip-joan-coret\/wp-json\/wp\/v2\/posts\/587","targetHints":{"allow":["GET"]}}],"collection":[{"href":"https:\/\/agora.xtec.cat\/ceip-joan-coret\/wp-json\/wp\/v2\/posts"}],"about":[{"href":"https:\/\/agora.xtec.cat\/ceip-joan-coret\/wp-json\/wp\/v2\/types\/post"}],"author":[{"embeddable":true,"href":"https:\/\/agora.xtec.cat\/ceip-joan-coret\/wp-json\/wp\/v2\/users\/3"}],"replies":[{"embeddable":true,"href":"https:\/\/agora.xtec.cat\/ceip-joan-coret\/wp-json\/wp\/v2\/comments?post=587"}],"version-history":[{"count":1,"href":"https:\/\/agora.xtec.cat\/ceip-joan-coret\/wp-json\/wp\/v2\/posts\/587\/revisions"}],"predecessor-version":[{"id":589,"href":"https:\/\/agora.xtec.cat\/ceip-joan-coret\/wp-json\/wp\/v2\/posts\/587\/revisions\/589"}],"wp:featuredmedia":[{"embeddable":true,"href":"https:\/\/agora.xtec.cat\/ceip-joan-coret\/wp-json\/wp\/v2\/media\/588"}],"wp:attachment":[{"href":"https:\/\/agora.xtec.cat\/ceip-joan-coret\/wp-json\/wp\/v2\/media?parent=587"}],"wp:term":[{"taxonomy":"category","embeddable":true,"href":"https:\/\/agora.xtec.cat\/ceip-joan-coret\/wp-json\/wp\/v2\/categories?post=587"},{"taxonomy":"post_tag","embeddable":true,"href":"https:\/\/agora.xtec.cat\/ceip-joan-coret\/wp-json\/wp\/v2\/tags?post=587"}],"curies":[{"name":"wp","href":"https:\/\/api.w.org\/{rel}","templated":true}]}}