{"id":5852,"date":"2022-04-18T11:27:00","date_gmt":"2022-04-18T09:27:00","guid":{"rendered":"https:\/\/agora.xtec.cat\/ceip-joan-coret\/?p=5852"},"modified":"2022-04-26T10:08:27","modified_gmt":"2022-04-26T08:08:27","slug":"museu-blau-i4","status":"publish","type":"post","link":"https:\/\/agora.xtec.cat\/ceip-joan-coret\/infantil\/museu-blau-i4\/","title":{"rendered":"MUSEU BLAU I4"},"content":{"rendered":"<p>Els infants de I4 han anat d&#8217;excursi\u00f3 al Museu Blau. Quin mat\u00ed m\u00e9s divertit!<a href=\"https:\/\/agora.xtec.cat\/ceip-joan-coret\/wp-content\/uploads\/usu1194\/2022\/04\/museo-blau-edificio-e1522359143401.jpg\"><img loading=\"lazy\" decoding=\"async\" class=\"alignnone size-full wp-image-5853\" src=\"https:\/\/agora.xtec.cat\/ceip-joan-coret\/wp-content\/uploads\/usu1194\/2022\/04\/museo-blau-edificio-e1522359143401.jpg\" alt=\"\" width=\"639\" height=\"354\" srcset=\"https:\/\/agora.xtec.cat\/ceip-joan-coret\/wp-content\/uploads\/usu1194\/2022\/04\/museo-blau-edificio-e1522359143401.jpg 639w, https:\/\/agora.xtec.cat\/ceip-joan-coret\/wp-content\/uploads\/usu1194\/2022\/04\/museo-blau-edificio-e1522359143401-300x166.jpg 300w\" sizes=\"auto, (max-width: 639px) 100vw, 639px\" \/><\/a><\/p>\n<p><a href=\"https:\/\/photos.app.goo.gl\/7ZBTYnkbfMoRwCN27\" target=\"_blank\" rel=\"noopener\">https:\/\/photos.app.goo.gl\/7ZBTYnkbfMoRwCN27<\/a><\/p>\n","protected":false},"excerpt":{"rendered":"<p>Els infants de I4 han anat d&#8217;excursi\u00f3 al Museu Blau. Quin mat\u00ed m\u00e9s divertit!<a href=\"https:\/\/agora.xtec.cat\/ceip-joan-coret\/wp-content\/uploads\/usu1194\/2022\/04\/museo-blau-edificio-e1522359143401.jpg\"><\/a><br \/>\n<a href=\"https:\/\/photos.app.goo.gl\/7ZBTYnkbfMoRwCN27\" target=\"_blank\" rel=\"noopener\">https:\/\/photos.app.goo.gl\/7ZBTYnkbfMoRwCN27<\/a><\/p>\n","protected":false},"author":40,"featured_media":5853,"comment_status":"open","ping_status":"closed","sticky":false,"template":"","format":"standard","meta":{"_bbp_topic_count":0,"_bbp_reply_count":0,"_bbp_total_topic_count":0,"_bbp_total_reply_count":0,"_bbp_voice_count":0,"_bbp_anonymous_reply_count":0,"_bbp_topic_count_hidden":0,"_bbp_reply_count_hidden":0,"_bbp_forum_subforum_count":0,"footnotes":""},"categories":[8,2,4],"tags":[88,90],"class_list":["post-5852","post","type-post","status-publish","format-standard","has-post-thumbnail","hentry","category-i4","category-infantil","category-portada","tag-ed-infantil","tag-p4"],"post_mailing_queue_ids":[],"_links":{"self":[{"href":"https:\/\/agora.xtec.cat\/ceip-joan-coret\/wp-json\/wp\/v2\/posts\/5852","targetHints":{"allow":["GET"]}}],"collection":[{"href":"https:\/\/agora.xtec.cat\/ceip-joan-coret\/wp-json\/wp\/v2\/posts"}],"about":[{"href":"https:\/\/agora.xtec.cat\/ceip-joan-coret\/wp-json\/wp\/v2\/types\/post"}],"author":[{"embeddable":true,"href":"https:\/\/agora.xtec.cat\/ceip-joan-coret\/wp-json\/wp\/v2\/users\/40"}],"replies":[{"embeddable":true,"href":"https:\/\/agora.xtec.cat\/ceip-joan-coret\/wp-json\/wp\/v2\/comments?post=5852"}],"version-history":[{"count":2,"href":"https:\/\/agora.xtec.cat\/ceip-joan-coret\/wp-json\/wp\/v2\/posts\/5852\/revisions"}],"predecessor-version":[{"id":5870,"href":"https:\/\/agora.xtec.cat\/ceip-joan-coret\/wp-json\/wp\/v2\/posts\/5852\/revisions\/5870"}],"wp:featuredmedia":[{"embeddable":true,"href":"https:\/\/agora.xtec.cat\/ceip-joan-coret\/wp-json\/wp\/v2\/media\/5853"}],"wp:attachment":[{"href":"https:\/\/agora.xtec.cat\/ceip-joan-coret\/wp-json\/wp\/v2\/media?parent=5852"}],"wp:term":[{"taxonomy":"category","embeddable":true,"href":"https:\/\/agora.xtec.cat\/ceip-joan-coret\/wp-json\/wp\/v2\/categories?post=5852"},{"taxonomy":"post_tag","embeddable":true,"href":"https:\/\/agora.xtec.cat\/ceip-joan-coret\/wp-json\/wp\/v2\/tags?post=5852"}],"curies":[{"name":"wp","href":"https:\/\/api.w.org\/{rel}","templated":true}]}}