{"id":5841,"date":"2022-03-24T12:25:35","date_gmt":"2022-03-24T11:25:35","guid":{"rendered":"https:\/\/agora.xtec.cat\/ceip-joan-coret\/?p=5841"},"modified":"2022-05-10T13:29:21","modified_gmt":"2022-05-10T11:29:21","slug":"visitem-el-cap-apenins","status":"publish","type":"post","link":"https:\/\/agora.xtec.cat\/ceip-joan-coret\/portada\/visitem-el-cap-apenins\/","title":{"rendered":"Visitem el CAP APENINS"},"content":{"rendered":"<p>Les classes de 3r A i 3r B hem visitat el CAP APENINS. Ens han explicat moltes coses que fan all\u00e0 i hem pogut aprendre molt\u00edssim. A m\u00e9s, el taller de: &#8221; Aprendre a curar una ferida&#8221; ha estat molt interessant.<\/p>\n<p>Hem sortit molt contents i contentes de saber que si ens passa alguna cosa estem en bones mans.<\/p>\n<p><a href=\"https:\/\/photos.app.goo.gl\/WAKF2GBwjj95LRf79\" target=\"_blank\" rel=\"noopener\">https:\/\/photos.app.goo.gl\/WAKF2GBwjj95LRf79<\/a><\/p>\n","protected":false},"excerpt":{"rendered":"<p>Les classes de 3r A i 3r B hem visitat el CAP APENINS. Ens han explicat moltes coses que fan all\u00e0 i hem pogut aprendre molt\u00edssim. A m\u00e9s, el taller de: &#8221; Aprendre a curar una ferida&#8221; ha estat molt interessant.<br \/>\nHem sortit molt contents i&hellip;  <a href=\"https:\/\/agora.xtec.cat\/ceip-joan-coret\/portada\/visitem-el-cap-apenins\/\" title=\"Read Visitem el CAP APENINS\">Llegeix m\u00e9s\u00bb<\/a><\/p>\n","protected":false},"author":69,"featured_media":0,"comment_status":"open","ping_status":"closed","sticky":false,"template":"","format":"standard","meta":{"_bbp_topic_count":0,"_bbp_reply_count":0,"_bbp_total_topic_count":0,"_bbp_total_reply_count":0,"_bbp_voice_count":0,"_bbp_anonymous_reply_count":0,"_bbp_topic_count_hidden":0,"_bbp_reply_count_hidden":0,"_bbp_forum_subforum_count":0,"footnotes":""},"categories":[12,4],"tags":[],"class_list":["post-5841","post","type-post","status-publish","format-standard","hentry","category-3r","category-portada"],"post_mailing_queue_ids":[],"_links":{"self":[{"href":"https:\/\/agora.xtec.cat\/ceip-joan-coret\/wp-json\/wp\/v2\/posts\/5841","targetHints":{"allow":["GET"]}}],"collection":[{"href":"https:\/\/agora.xtec.cat\/ceip-joan-coret\/wp-json\/wp\/v2\/posts"}],"about":[{"href":"https:\/\/agora.xtec.cat\/ceip-joan-coret\/wp-json\/wp\/v2\/types\/post"}],"author":[{"embeddable":true,"href":"https:\/\/agora.xtec.cat\/ceip-joan-coret\/wp-json\/wp\/v2\/users\/69"}],"replies":[{"embeddable":true,"href":"https:\/\/agora.xtec.cat\/ceip-joan-coret\/wp-json\/wp\/v2\/comments?post=5841"}],"version-history":[{"count":3,"href":"https:\/\/agora.xtec.cat\/ceip-joan-coret\/wp-json\/wp\/v2\/posts\/5841\/revisions"}],"predecessor-version":[{"id":5943,"href":"https:\/\/agora.xtec.cat\/ceip-joan-coret\/wp-json\/wp\/v2\/posts\/5841\/revisions\/5943"}],"wp:attachment":[{"href":"https:\/\/agora.xtec.cat\/ceip-joan-coret\/wp-json\/wp\/v2\/media?parent=5841"}],"wp:term":[{"taxonomy":"category","embeddable":true,"href":"https:\/\/agora.xtec.cat\/ceip-joan-coret\/wp-json\/wp\/v2\/categories?post=5841"},{"taxonomy":"post_tag","embeddable":true,"href":"https:\/\/agora.xtec.cat\/ceip-joan-coret\/wp-json\/wp\/v2\/tags?post=5841"}],"curies":[{"name":"wp","href":"https:\/\/api.w.org\/{rel}","templated":true}]}}