{"id":5833,"date":"2022-03-14T16:34:18","date_gmt":"2022-03-14T15:34:18","guid":{"rendered":"https:\/\/agora.xtec.cat\/ceip-joan-coret\/?p=5833"},"modified":"2022-06-21T14:34:46","modified_gmt":"2022-06-21T12:34:46","slug":"videos-6e-contra-el-bullying","status":"publish","type":"post","link":"https:\/\/agora.xtec.cat\/ceip-joan-coret\/portada\/videos-6e-contra-el-bullying\/","title":{"rendered":"Videos 6\u00e8 Contra el Bullying"},"content":{"rendered":"<p>Dins el projecte anti-Bullying de la fundaci\u00f3 FC Barcelona, els nens i les nenes de 6\u00e8 ens vam plantejar realitzar un video amb les can\u00e7ons que ens van presentar des de la fundaci\u00f3. Vam decidir una can\u00e7\u00f3 diferent cada classe i despr\u00e9s de molta feina hem aconseguit realitzar dos videos. Esperem que us agradin i sobretot que el missatge que volem transmetre arribi a tot arreu!<\/p>\n<p><iframe loading=\"lazy\" src=\"\/\/www.youtube.com\/embed\/h76CyxGa7Pg\" width=\"300\" height=\"168\" allowfullscreen=\"allowfullscreen\"><\/iframe><\/p>\n<p><iframe loading=\"lazy\" src=\"\/\/www.youtube.com\/embed\/n0qybRclDQ8\" width=\"300\" height=\"168\" allowfullscreen=\"allowfullscreen\"><\/iframe><\/p>\n<p>#stopbullying<\/p>\n","protected":false},"excerpt":{"rendered":"<p>Dins el projecte anti-Bullying de la fundaci\u00f3 FC Barcelona, els nens i les nenes de 6\u00e8 ens vam plantejar realitzar un video amb les can\u00e7ons que ens van presentar des de la fundaci\u00f3. Vam decidir una can\u00e7\u00f3 diferent cada classe i despr\u00e9s de molta feina&hellip;  <a href=\"https:\/\/agora.xtec.cat\/ceip-joan-coret\/portada\/videos-6e-contra-el-bullying\/\" title=\"Read Videos 6\u00e8 Contra el Bullying\">Llegeix m\u00e9s\u00bb<\/a><\/p>\n","protected":false},"author":3,"featured_media":5834,"comment_status":"open","ping_status":"closed","sticky":false,"template":"","format":"standard","meta":{"_bbp_topic_count":0,"_bbp_reply_count":0,"_bbp_total_topic_count":0,"_bbp_total_reply_count":0,"_bbp_voice_count":0,"_bbp_anonymous_reply_count":0,"_bbp_topic_count_hidden":0,"_bbp_reply_count_hidden":0,"_bbp_forum_subforum_count":0,"footnotes":""},"categories":[15,4],"tags":[369,349,388,387],"class_list":["post-5833","post","type-post","status-publish","format-standard","has-post-thumbnail","hentry","category-6e","category-portada","tag-6e-escola-joan-coret","tag-escola-joan-coret","tag-fudancio-fc-barcelona","tag-stopbullying"],"post_mailing_queue_ids":[],"_links":{"self":[{"href":"https:\/\/agora.xtec.cat\/ceip-joan-coret\/wp-json\/wp\/v2\/posts\/5833","targetHints":{"allow":["GET"]}}],"collection":[{"href":"https:\/\/agora.xtec.cat\/ceip-joan-coret\/wp-json\/wp\/v2\/posts"}],"about":[{"href":"https:\/\/agora.xtec.cat\/ceip-joan-coret\/wp-json\/wp\/v2\/types\/post"}],"author":[{"embeddable":true,"href":"https:\/\/agora.xtec.cat\/ceip-joan-coret\/wp-json\/wp\/v2\/users\/3"}],"replies":[{"embeddable":true,"href":"https:\/\/agora.xtec.cat\/ceip-joan-coret\/wp-json\/wp\/v2\/comments?post=5833"}],"version-history":[{"count":1,"href":"https:\/\/agora.xtec.cat\/ceip-joan-coret\/wp-json\/wp\/v2\/posts\/5833\/revisions"}],"predecessor-version":[{"id":5835,"href":"https:\/\/agora.xtec.cat\/ceip-joan-coret\/wp-json\/wp\/v2\/posts\/5833\/revisions\/5835"}],"wp:featuredmedia":[{"embeddable":true,"href":"https:\/\/agora.xtec.cat\/ceip-joan-coret\/wp-json\/wp\/v2\/media\/5834"}],"wp:attachment":[{"href":"https:\/\/agora.xtec.cat\/ceip-joan-coret\/wp-json\/wp\/v2\/media?parent=5833"}],"wp:term":[{"taxonomy":"category","embeddable":true,"href":"https:\/\/agora.xtec.cat\/ceip-joan-coret\/wp-json\/wp\/v2\/categories?post=5833"},{"taxonomy":"post_tag","embeddable":true,"href":"https:\/\/agora.xtec.cat\/ceip-joan-coret\/wp-json\/wp\/v2\/tags?post=5833"}],"curies":[{"name":"wp","href":"https:\/\/api.w.org\/{rel}","templated":true}]}}