{"id":5785,"date":"2022-02-25T11:00:30","date_gmt":"2022-02-25T10:00:30","guid":{"rendered":"https:\/\/agora.xtec.cat\/ceip-joan-coret\/?p=5785"},"modified":"2022-02-25T11:00:30","modified_gmt":"2022-02-25T10:00:30","slug":"cursa-orientacio-4rt-21-22","status":"publish","type":"post","link":"https:\/\/agora.xtec.cat\/ceip-joan-coret\/portada\/cursa-orientacio-4rt-21-22\/","title":{"rendered":"Cursa Orientaci\u00f3 4rt 21-22"},"content":{"rendered":"<p>Les classes de 4rt hem anat a una cursa d&#8217;Orientaci\u00f3 al Tur\u00f3 d&#8217;en Caritg. Aquesta activitat l&#8217;organitza el Grup de Treball d&#8217;Educaci\u00f3 F\u00edsica de Badalona i va estar molt b\u00e9. Alguns i algunes ens vam &#8220;perdre&#8221; una mica per\u00f2 vam arribar a temps per a acabar la Cursa.<\/p>\n<p>Aqu\u00ed tenim algunes de les fotos que ens vam fer:<\/p>\n<p><a href=\"https:\/\/photos.app.goo.gl\/iWqeurHbPNbGWnQK6\" target=\"_blank\" rel=\"noopener\">https:\/\/photos.app.goo.gl\/iWqeurHbPNbGWnQK6<\/a><\/p>\n","protected":false},"excerpt":{"rendered":"<p>Les classes de 4rt hem anat a una cursa d&#8217;Orientaci\u00f3 al Tur\u00f3 d&#8217;en Caritg. Aquesta activitat l&#8217;organitza el Grup de Treball d&#8217;Educaci\u00f3 F\u00edsica de Badalona i va estar molt b\u00e9. Alguns i algunes ens vam &#8220;perdre&#8221; una mica per\u00f2 vam arribar a temps per a&hellip;  <a href=\"https:\/\/agora.xtec.cat\/ceip-joan-coret\/portada\/cursa-orientacio-4rt-21-22\/\" title=\"Read Cursa Orientaci\u00f3 4rt 21-22\">Llegeix m\u00e9s\u00bb<\/a><\/p>\n","protected":false},"author":3,"featured_media":0,"comment_status":"open","ping_status":"closed","sticky":false,"template":"","format":"standard","meta":{"_bbp_topic_count":0,"_bbp_reply_count":0,"_bbp_total_topic_count":0,"_bbp_total_reply_count":0,"_bbp_voice_count":0,"_bbp_anonymous_reply_count":0,"_bbp_topic_count_hidden":0,"_bbp_reply_count_hidden":0,"_bbp_forum_subforum_count":0,"footnotes":""},"categories":[13,4],"tags":[92,206,386,218],"class_list":["post-5785","post","type-post","status-publish","format-standard","hentry","category-4t","category-portada","tag-4rt","tag-badalona","tag-badaorientacio","tag-grup-mef-badalona"],"post_mailing_queue_ids":[],"_links":{"self":[{"href":"https:\/\/agora.xtec.cat\/ceip-joan-coret\/wp-json\/wp\/v2\/posts\/5785","targetHints":{"allow":["GET"]}}],"collection":[{"href":"https:\/\/agora.xtec.cat\/ceip-joan-coret\/wp-json\/wp\/v2\/posts"}],"about":[{"href":"https:\/\/agora.xtec.cat\/ceip-joan-coret\/wp-json\/wp\/v2\/types\/post"}],"author":[{"embeddable":true,"href":"https:\/\/agora.xtec.cat\/ceip-joan-coret\/wp-json\/wp\/v2\/users\/3"}],"replies":[{"embeddable":true,"href":"https:\/\/agora.xtec.cat\/ceip-joan-coret\/wp-json\/wp\/v2\/comments?post=5785"}],"version-history":[{"count":1,"href":"https:\/\/agora.xtec.cat\/ceip-joan-coret\/wp-json\/wp\/v2\/posts\/5785\/revisions"}],"predecessor-version":[{"id":5786,"href":"https:\/\/agora.xtec.cat\/ceip-joan-coret\/wp-json\/wp\/v2\/posts\/5785\/revisions\/5786"}],"wp:attachment":[{"href":"https:\/\/agora.xtec.cat\/ceip-joan-coret\/wp-json\/wp\/v2\/media?parent=5785"}],"wp:term":[{"taxonomy":"category","embeddable":true,"href":"https:\/\/agora.xtec.cat\/ceip-joan-coret\/wp-json\/wp\/v2\/categories?post=5785"},{"taxonomy":"post_tag","embeddable":true,"href":"https:\/\/agora.xtec.cat\/ceip-joan-coret\/wp-json\/wp\/v2\/tags?post=5785"}],"curies":[{"name":"wp","href":"https:\/\/api.w.org\/{rel}","templated":true}]}}