{"id":5620,"date":"2022-02-18T11:26:56","date_gmt":"2022-02-18T10:26:56","guid":{"rendered":"https:\/\/agora.xtec.cat\/ceip-joan-coret\/?p=5620"},"modified":"2022-02-21T12:37:02","modified_gmt":"2022-02-21T11:37:02","slug":"biblioteca-del-fondo","status":"publish","type":"post","link":"https:\/\/agora.xtec.cat\/ceip-joan-coret\/general\/biblioteca-del-fondo\/","title":{"rendered":"Biblioteca del Fondo"},"content":{"rendered":"<p>Aquesta setmana, la classe de la Platja hem estat a la biblioteca del Fondo. Hem fet un taller i ens ho hem passat molt b\u00e9. A m\u00e9s, hem conegut com funciona el pr\u00e9stec de llibres i ens ha semblat molt interessant.<\/p>\n<p><a href=\"https:\/\/photos.app.goo.gl\/4KVWmLCgc2w1WZRT8\" target=\"_blank\" rel=\"noopener\">https:\/\/photos.app.goo.gl\/4KVWmLCgc2w1WZRT8<\/a><\/p>\n","protected":false},"excerpt":{"rendered":"<p>Aquesta setmana, la classe de la Platja hem estat a la biblioteca del Fondo. Hem fet un taller i ens ho hem passat molt b\u00e9. A m\u00e9s, hem conegut com funciona el pr\u00e9stec de llibres i ens ha semblat molt interessant.<br \/>\n<a href=\"https:\/\/photos.app.goo.gl\/4KVWmLCgc2w1WZRT8\" target=\"_blank\" rel=\"noopener\">https:\/\/photos.app.goo.gl\/4KVWmLCgc2w1WZRT8<\/a><\/p>\n","protected":false},"author":69,"featured_media":0,"comment_status":"open","ping_status":"closed","sticky":false,"template":"","format":"standard","meta":{"_bbp_topic_count":0,"_bbp_reply_count":0,"_bbp_total_topic_count":0,"_bbp_total_reply_count":0,"_bbp_voice_count":0,"_bbp_anonymous_reply_count":0,"_bbp_topic_count_hidden":0,"_bbp_reply_count_hidden":0,"_bbp_forum_subforum_count":0,"footnotes":""},"categories":[11,1,4],"tags":[],"class_list":["post-5620","post","type-post","status-publish","format-standard","hentry","category-2n","category-general","category-portada"],"post_mailing_queue_ids":[],"_links":{"self":[{"href":"https:\/\/agora.xtec.cat\/ceip-joan-coret\/wp-json\/wp\/v2\/posts\/5620","targetHints":{"allow":["GET"]}}],"collection":[{"href":"https:\/\/agora.xtec.cat\/ceip-joan-coret\/wp-json\/wp\/v2\/posts"}],"about":[{"href":"https:\/\/agora.xtec.cat\/ceip-joan-coret\/wp-json\/wp\/v2\/types\/post"}],"author":[{"embeddable":true,"href":"https:\/\/agora.xtec.cat\/ceip-joan-coret\/wp-json\/wp\/v2\/users\/69"}],"replies":[{"embeddable":true,"href":"https:\/\/agora.xtec.cat\/ceip-joan-coret\/wp-json\/wp\/v2\/comments?post=5620"}],"version-history":[{"count":3,"href":"https:\/\/agora.xtec.cat\/ceip-joan-coret\/wp-json\/wp\/v2\/posts\/5620\/revisions"}],"predecessor-version":[{"id":5781,"href":"https:\/\/agora.xtec.cat\/ceip-joan-coret\/wp-json\/wp\/v2\/posts\/5620\/revisions\/5781"}],"wp:attachment":[{"href":"https:\/\/agora.xtec.cat\/ceip-joan-coret\/wp-json\/wp\/v2\/media?parent=5620"}],"wp:term":[{"taxonomy":"category","embeddable":true,"href":"https:\/\/agora.xtec.cat\/ceip-joan-coret\/wp-json\/wp\/v2\/categories?post=5620"},{"taxonomy":"post_tag","embeddable":true,"href":"https:\/\/agora.xtec.cat\/ceip-joan-coret\/wp-json\/wp\/v2\/tags?post=5620"}],"curies":[{"name":"wp","href":"https:\/\/api.w.org\/{rel}","templated":true}]}}