{"id":5582,"date":"2022-02-09T12:36:08","date_gmt":"2022-02-09T11:36:08","guid":{"rendered":"https:\/\/agora.xtec.cat\/ceip-joan-coret\/?p=5582"},"modified":"2022-02-09T12:36:08","modified_gmt":"2022-02-09T11:36:08","slug":"dia-de-la-pau-2022-cicle-grans","status":"publish","type":"post","link":"https:\/\/agora.xtec.cat\/ceip-joan-coret\/portada\/dia-de-la-pau-2022-cicle-grans\/","title":{"rendered":"Dia de la Pau 2022 Cicle Grans"},"content":{"rendered":"<p>El Cicle dels Grans de l&#8217;escola (4rt, 5\u00e8 i 6\u00e8) vam celebrar el dia de la Pau amb un seguit d&#8217;activitats on a part de passar-ho b\u00e9, vam poder adonar-nos de la import\u00e0ncia que t\u00e9 la PAU. Tot seguit podeu veure un video amb les activitats treballades:<\/p>\n<p><iframe loading=\"lazy\" src=\"\/\/www.youtube.com\/embed\/qaAvusxOVV4\" width=\"560\" height=\"314\" allowfullscreen=\"allowfullscreen\"><\/iframe><\/p>\n","protected":false},"excerpt":{"rendered":"<p>El Cicle dels Grans de l&#8217;escola (4rt, 5\u00e8 i 6\u00e8) vam celebrar el dia de la Pau amb un seguit d&#8217;activitats on a part de passar-ho b\u00e9, vam poder adonar-nos de la import\u00e0ncia que t\u00e9 la PAU. Tot seguit podeu veure un video amb les&hellip;  <a href=\"https:\/\/agora.xtec.cat\/ceip-joan-coret\/portada\/dia-de-la-pau-2022-cicle-grans\/\" title=\"Read Dia de la Pau 2022 Cicle Grans\">Llegeix m\u00e9s\u00bb<\/a><\/p>\n","protected":false},"author":3,"featured_media":5583,"comment_status":"open","ping_status":"closed","sticky":false,"template":"","format":"standard","meta":{"_bbp_topic_count":0,"_bbp_reply_count":0,"_bbp_total_topic_count":0,"_bbp_total_reply_count":0,"_bbp_voice_count":0,"_bbp_anonymous_reply_count":0,"_bbp_topic_count_hidden":0,"_bbp_reply_count_hidden":0,"_bbp_forum_subforum_count":0,"footnotes":""},"categories":[13,14,15,4],"tags":[367,349],"class_list":["post-5582","post","type-post","status-publish","format-standard","has-post-thumbnail","hentry","category-4t","category-5e","category-6e","category-portada","tag-dia-de-la-pau","tag-escola-joan-coret"],"post_mailing_queue_ids":[],"_links":{"self":[{"href":"https:\/\/agora.xtec.cat\/ceip-joan-coret\/wp-json\/wp\/v2\/posts\/5582","targetHints":{"allow":["GET"]}}],"collection":[{"href":"https:\/\/agora.xtec.cat\/ceip-joan-coret\/wp-json\/wp\/v2\/posts"}],"about":[{"href":"https:\/\/agora.xtec.cat\/ceip-joan-coret\/wp-json\/wp\/v2\/types\/post"}],"author":[{"embeddable":true,"href":"https:\/\/agora.xtec.cat\/ceip-joan-coret\/wp-json\/wp\/v2\/users\/3"}],"replies":[{"embeddable":true,"href":"https:\/\/agora.xtec.cat\/ceip-joan-coret\/wp-json\/wp\/v2\/comments?post=5582"}],"version-history":[{"count":1,"href":"https:\/\/agora.xtec.cat\/ceip-joan-coret\/wp-json\/wp\/v2\/posts\/5582\/revisions"}],"predecessor-version":[{"id":5584,"href":"https:\/\/agora.xtec.cat\/ceip-joan-coret\/wp-json\/wp\/v2\/posts\/5582\/revisions\/5584"}],"wp:featuredmedia":[{"embeddable":true,"href":"https:\/\/agora.xtec.cat\/ceip-joan-coret\/wp-json\/wp\/v2\/media\/5583"}],"wp:attachment":[{"href":"https:\/\/agora.xtec.cat\/ceip-joan-coret\/wp-json\/wp\/v2\/media?parent=5582"}],"wp:term":[{"taxonomy":"category","embeddable":true,"href":"https:\/\/agora.xtec.cat\/ceip-joan-coret\/wp-json\/wp\/v2\/categories?post=5582"},{"taxonomy":"post_tag","embeddable":true,"href":"https:\/\/agora.xtec.cat\/ceip-joan-coret\/wp-json\/wp\/v2\/tags?post=5582"}],"curies":[{"name":"wp","href":"https:\/\/api.w.org\/{rel}","templated":true}]}}