{"id":5536,"date":"2022-01-12T10:45:12","date_gmt":"2022-01-12T09:45:12","guid":{"rendered":"https:\/\/agora.xtec.cat\/ceip-joan-coret\/?p=5536"},"modified":"2022-01-12T13:07:52","modified_gmt":"2022-01-12T12:07:52","slug":"projecte-contra-el-bullying","status":"publish","type":"post","link":"https:\/\/agora.xtec.cat\/ceip-joan-coret\/general\/projecte-contra-el-bullying\/","title":{"rendered":"Projecte contra el Bullying"},"content":{"rendered":"<p>La Fundaci\u00f3 Bar\u00e7a en el curs 21-22 celebra la tercera edici\u00f3 del seu programa contra el Bullying, recurs educatiu que se centra a treballar la prevenci\u00f3 en les escoles de prim\u00e0ria a trav\u00e9s de din\u00e0miques l\u00fadiques i participatives on l\u2019esport \u00e9s l\u2019eix vertebrador.<\/p>\n<p>Aquest curs des de l\u2019escola ens hem adherit a aquest programa de la Fundaci\u00f3 Bar\u00e7a.<\/p>\n<p>El programa complet requereix un total de 9 sessions de classe, distribu\u00efdes de la seg\u00fcent forma:<\/p>\n<p>\u2022 1 per al test previ.<\/p>\n<p>\u2022 7 sessions d\u2019aplicaci\u00f3 del programa: 3 de tutoria, 3 d\u2019educaci\u00f3 f\u00edsica.<\/p>\n<p>\u2022 1 pel test posterior.<\/p>\n<p>Podeu descarregar-vos el dossier de presentaci\u00f3 aqu\u00ed:<\/p>\n<p><a href=\"https:\/\/agora.xtec.cat\/ceip-joan-coret\/wp-content\/uploads\/usu1194\/2022\/01\/CAT_Dossier_presentacio_programa_21_22-1.pdf\">CAT_Dossier_presentacio_programa_21_22 (1)<\/a><\/p>\n","protected":false},"excerpt":{"rendered":"<p>La Fundaci\u00f3 Bar\u00e7a en el curs 21-22 celebra la tercera edici\u00f3 del seu programa contra el Bullying, recurs educatiu que se centra a treballar la prevenci\u00f3 en les escoles de prim\u00e0ria a trav\u00e9s de din\u00e0miques l\u00fadiques i participatives on l\u2019esport \u00e9s l\u2019eix vertebrador.<br \/>\nAquest curs des&hellip;  <a href=\"https:\/\/agora.xtec.cat\/ceip-joan-coret\/general\/projecte-contra-el-bullying\/\" title=\"Read Projecte contra el Bullying\">Llegeix m\u00e9s\u00bb<\/a><\/p>\n","protected":false},"author":3,"featured_media":0,"comment_status":"open","ping_status":"closed","sticky":false,"template":"","format":"standard","meta":{"_bbp_topic_count":0,"_bbp_reply_count":0,"_bbp_total_topic_count":0,"_bbp_total_reply_count":0,"_bbp_voice_count":0,"_bbp_anonymous_reply_count":0,"_bbp_topic_count_hidden":0,"_bbp_reply_count_hidden":0,"_bbp_forum_subforum_count":0,"footnotes":""},"categories":[1],"tags":[],"class_list":["post-5536","post","type-post","status-publish","format-standard","hentry","category-general"],"post_mailing_queue_ids":[],"_links":{"self":[{"href":"https:\/\/agora.xtec.cat\/ceip-joan-coret\/wp-json\/wp\/v2\/posts\/5536","targetHints":{"allow":["GET"]}}],"collection":[{"href":"https:\/\/agora.xtec.cat\/ceip-joan-coret\/wp-json\/wp\/v2\/posts"}],"about":[{"href":"https:\/\/agora.xtec.cat\/ceip-joan-coret\/wp-json\/wp\/v2\/types\/post"}],"author":[{"embeddable":true,"href":"https:\/\/agora.xtec.cat\/ceip-joan-coret\/wp-json\/wp\/v2\/users\/3"}],"replies":[{"embeddable":true,"href":"https:\/\/agora.xtec.cat\/ceip-joan-coret\/wp-json\/wp\/v2\/comments?post=5536"}],"version-history":[{"count":1,"href":"https:\/\/agora.xtec.cat\/ceip-joan-coret\/wp-json\/wp\/v2\/posts\/5536\/revisions"}],"predecessor-version":[{"id":5538,"href":"https:\/\/agora.xtec.cat\/ceip-joan-coret\/wp-json\/wp\/v2\/posts\/5536\/revisions\/5538"}],"wp:attachment":[{"href":"https:\/\/agora.xtec.cat\/ceip-joan-coret\/wp-json\/wp\/v2\/media?parent=5536"}],"wp:term":[{"taxonomy":"category","embeddable":true,"href":"https:\/\/agora.xtec.cat\/ceip-joan-coret\/wp-json\/wp\/v2\/categories?post=5536"},{"taxonomy":"post_tag","embeddable":true,"href":"https:\/\/agora.xtec.cat\/ceip-joan-coret\/wp-json\/wp\/v2\/tags?post=5536"}],"curies":[{"name":"wp","href":"https:\/\/api.w.org\/{rel}","templated":true}]}}