{"id":5514,"date":"2021-12-20T12:18:38","date_gmt":"2021-12-20T11:18:38","guid":{"rendered":"https:\/\/agora.xtec.cat\/ceip-joan-coret\/?p=5514"},"modified":"2021-12-20T12:18:38","modified_gmt":"2021-12-20T11:18:38","slug":"museu-historia-catalunya-4t","status":"publish","type":"post","link":"https:\/\/agora.xtec.cat\/ceip-joan-coret\/portada\/museu-historia-catalunya-4t\/","title":{"rendered":"Museu Hist\u00f2ria Catalunya 4t"},"content":{"rendered":"<p>Les classes de 4t de l&#8217;escola van anar al Museu d&#8217;Hist\u00f2ria de Catalunya. Van realitzar un taller i aqu\u00ed podem veure les fotos:<\/p>\n<p><a href=\"https:\/\/photos.app.goo.gl\/Jdt9bronEi6s3YK89\" target=\"_blank\" rel=\"noopener\">https:\/\/photos.app.goo.gl\/Jdt9bronEi6s3YK89<\/a><\/p>\n","protected":false},"excerpt":{"rendered":"<p>Les classes de 4t de l&#8217;escola van anar al Museu d&#8217;Hist\u00f2ria de Catalunya. Van realitzar un taller i aqu\u00ed podem veure les fotos:<br \/>\n<a href=\"https:\/\/photos.app.goo.gl\/Jdt9bronEi6s3YK89\" target=\"_blank\" rel=\"noopener\">https:\/\/photos.app.goo.gl\/Jdt9bronEi6s3YK89<\/a><\/p>\n","protected":false},"author":3,"featured_media":0,"comment_status":"open","ping_status":"closed","sticky":false,"template":"","format":"standard","meta":{"_bbp_topic_count":0,"_bbp_reply_count":0,"_bbp_total_topic_count":0,"_bbp_total_reply_count":0,"_bbp_voice_count":0,"_bbp_anonymous_reply_count":0,"_bbp_topic_count_hidden":0,"_bbp_reply_count_hidden":0,"_bbp_forum_subforum_count":0,"footnotes":""},"categories":[13,4],"tags":[],"class_list":["post-5514","post","type-post","status-publish","format-standard","hentry","category-4t","category-portada"],"post_mailing_queue_ids":[],"_links":{"self":[{"href":"https:\/\/agora.xtec.cat\/ceip-joan-coret\/wp-json\/wp\/v2\/posts\/5514","targetHints":{"allow":["GET"]}}],"collection":[{"href":"https:\/\/agora.xtec.cat\/ceip-joan-coret\/wp-json\/wp\/v2\/posts"}],"about":[{"href":"https:\/\/agora.xtec.cat\/ceip-joan-coret\/wp-json\/wp\/v2\/types\/post"}],"author":[{"embeddable":true,"href":"https:\/\/agora.xtec.cat\/ceip-joan-coret\/wp-json\/wp\/v2\/users\/3"}],"replies":[{"embeddable":true,"href":"https:\/\/agora.xtec.cat\/ceip-joan-coret\/wp-json\/wp\/v2\/comments?post=5514"}],"version-history":[{"count":1,"href":"https:\/\/agora.xtec.cat\/ceip-joan-coret\/wp-json\/wp\/v2\/posts\/5514\/revisions"}],"predecessor-version":[{"id":5515,"href":"https:\/\/agora.xtec.cat\/ceip-joan-coret\/wp-json\/wp\/v2\/posts\/5514\/revisions\/5515"}],"wp:attachment":[{"href":"https:\/\/agora.xtec.cat\/ceip-joan-coret\/wp-json\/wp\/v2\/media?parent=5514"}],"wp:term":[{"taxonomy":"category","embeddable":true,"href":"https:\/\/agora.xtec.cat\/ceip-joan-coret\/wp-json\/wp\/v2\/categories?post=5514"},{"taxonomy":"post_tag","embeddable":true,"href":"https:\/\/agora.xtec.cat\/ceip-joan-coret\/wp-json\/wp\/v2\/tags?post=5514"}],"curies":[{"name":"wp","href":"https:\/\/api.w.org\/{rel}","templated":true}]}}