{"id":5412,"date":"2021-11-16T13:12:59","date_gmt":"2021-11-16T12:12:59","guid":{"rendered":"https:\/\/agora.xtec.cat\/ceip-joan-coret\/?p=5412"},"modified":"2021-11-16T13:27:56","modified_gmt":"2021-11-16T12:27:56","slug":"setmana-de-la-ciencia","status":"publish","type":"post","link":"https:\/\/agora.xtec.cat\/ceip-joan-coret\/portada\/setmana-de-la-ciencia\/","title":{"rendered":"SETMANA DE LA CI\u00c8NCIA"},"content":{"rendered":"<p>Benvinguts i benvingudes a la setmana de la Ci\u00e8ncia.<\/p>\n<p>Aquesta setmana treballem un tema molt important com \u00e9s la &#8220;<strong><em>SOSTENIBILITAT<\/em><\/strong>&#8220;.<\/p>\n<p>L\u00b4alumnat realitza diferents experiments on despr\u00e9s ells i elles explicaran a la resta de l\u00b4escola el que han fet.\u00a0 D\u00b4aquesta manera prenem consci\u00e8ncia del qu\u00e8 i com ho fem.<\/p>\n<p>M\u00e9s endavant farem una exposici\u00f3 on es podr\u00e0 veure totes les meravelles que han fet a les diferents classes.<\/p>\n<p>Us convidem a fer un cop d\u00b4ull.<\/p>\n<p><a href=\"https:\/\/photos.app.goo.gl\/joQ6gLP7HAyxjNPG9\" target=\"_blank\" rel=\"noopener\">https:\/\/photos.app.goo.gl\/joQ6gLP7HAyxjNPG9<\/a><\/p>\n<p>Moltes gr\u00e0cies.<\/p>\n<p><a href=\"https:\/\/agora.xtec.cat\/ceip-joan-coret\/wp-content\/uploads\/usu1194\/2021\/11\/image_6483441-1.jpg\"><img loading=\"lazy\" decoding=\"async\" class=\"alignnone size-large wp-image-5415\" src=\"https:\/\/agora.xtec.cat\/ceip-joan-coret\/wp-content\/uploads\/usu1194\/2021\/11\/image_6483441-1-1024x768.jpg\" alt=\"\" width=\"1024\" height=\"768\" srcset=\"https:\/\/agora.xtec.cat\/ceip-joan-coret\/wp-content\/uploads\/usu1194\/2021\/11\/image_6483441-1-1024x768.jpg 1024w, https:\/\/agora.xtec.cat\/ceip-joan-coret\/wp-content\/uploads\/usu1194\/2021\/11\/image_6483441-1-300x225.jpg 300w, https:\/\/agora.xtec.cat\/ceip-joan-coret\/wp-content\/uploads\/usu1194\/2021\/11\/image_6483441-1-768x576.jpg 768w, https:\/\/agora.xtec.cat\/ceip-joan-coret\/wp-content\/uploads\/usu1194\/2021\/11\/image_6483441-1-1536x1152.jpg 1536w, https:\/\/agora.xtec.cat\/ceip-joan-coret\/wp-content\/uploads\/usu1194\/2021\/11\/image_6483441-1-200x150.jpg 200w, https:\/\/agora.xtec.cat\/ceip-joan-coret\/wp-content\/uploads\/usu1194\/2021\/11\/image_6483441-1.jpg 2048w\" sizes=\"auto, (max-width: 1024px) 100vw, 1024px\" \/><\/a><\/p>\n","protected":false},"excerpt":{"rendered":"<p>Benvinguts i benvingudes a la setmana de la Ci\u00e8ncia.<br \/>\nAquesta setmana treballem un tema molt important com \u00e9s la &#8220;SOSTENIBILITAT&#8220;.<br \/>\nL\u00b4alumnat realitza diferents experiments on despr\u00e9s ells i elles explicaran a la resta de l\u00b4escola el que han fet.\u00a0 D\u00b4aquesta manera prenem consci\u00e8ncia del qu\u00e8 i com&hellip;  <a href=\"https:\/\/agora.xtec.cat\/ceip-joan-coret\/portada\/setmana-de-la-ciencia\/\" title=\"Read SETMANA DE LA CI\u00c8NCIA\">Llegeix m\u00e9s\u00bb<\/a><\/p>\n","protected":false},"author":69,"featured_media":1023,"comment_status":"open","ping_status":"closed","sticky":false,"template":"","format":"standard","meta":{"_bbp_topic_count":0,"_bbp_reply_count":0,"_bbp_total_topic_count":0,"_bbp_total_reply_count":0,"_bbp_voice_count":0,"_bbp_anonymous_reply_count":0,"_bbp_topic_count_hidden":0,"_bbp_reply_count_hidden":0,"_bbp_forum_subforum_count":0,"footnotes":""},"categories":[4,5],"tags":[],"class_list":["post-5412","post","type-post","status-publish","format-standard","has-post-thumbnail","hentry","category-portada","category-primaria"],"post_mailing_queue_ids":[],"_links":{"self":[{"href":"https:\/\/agora.xtec.cat\/ceip-joan-coret\/wp-json\/wp\/v2\/posts\/5412","targetHints":{"allow":["GET"]}}],"collection":[{"href":"https:\/\/agora.xtec.cat\/ceip-joan-coret\/wp-json\/wp\/v2\/posts"}],"about":[{"href":"https:\/\/agora.xtec.cat\/ceip-joan-coret\/wp-json\/wp\/v2\/types\/post"}],"author":[{"embeddable":true,"href":"https:\/\/agora.xtec.cat\/ceip-joan-coret\/wp-json\/wp\/v2\/users\/69"}],"replies":[{"embeddable":true,"href":"https:\/\/agora.xtec.cat\/ceip-joan-coret\/wp-json\/wp\/v2\/comments?post=5412"}],"version-history":[{"count":3,"href":"https:\/\/agora.xtec.cat\/ceip-joan-coret\/wp-json\/wp\/v2\/posts\/5412\/revisions"}],"predecessor-version":[{"id":5424,"href":"https:\/\/agora.xtec.cat\/ceip-joan-coret\/wp-json\/wp\/v2\/posts\/5412\/revisions\/5424"}],"wp:featuredmedia":[{"embeddable":true,"href":"https:\/\/agora.xtec.cat\/ceip-joan-coret\/wp-json\/wp\/v2\/media\/1023"}],"wp:attachment":[{"href":"https:\/\/agora.xtec.cat\/ceip-joan-coret\/wp-json\/wp\/v2\/media?parent=5412"}],"wp:term":[{"taxonomy":"category","embeddable":true,"href":"https:\/\/agora.xtec.cat\/ceip-joan-coret\/wp-json\/wp\/v2\/categories?post=5412"},{"taxonomy":"post_tag","embeddable":true,"href":"https:\/\/agora.xtec.cat\/ceip-joan-coret\/wp-json\/wp\/v2\/tags?post=5412"}],"curies":[{"name":"wp","href":"https:\/\/api.w.org\/{rel}","templated":true}]}}