{"id":5396,"date":"2021-11-09T17:14:24","date_gmt":"2021-11-09T16:14:24","guid":{"rendered":"https:\/\/agora.xtec.cat\/ceip-joan-coret\/?p=5396"},"modified":"2021-11-26T12:41:48","modified_gmt":"2021-11-26T11:41:48","slug":"halloween-al-jon-coret","status":"publish","type":"post","link":"https:\/\/agora.xtec.cat\/ceip-joan-coret\/portada\/halloween-al-jon-coret\/","title":{"rendered":"Halloween al Joan Coret"},"content":{"rendered":"<p>Les nenes i nens de 1r i 2n de Prim\u00e0ria van decorar el mural i el passad\u00eds de les classes amb aquestes creacions de Halloween!!! Van gaudir i aprendre molt coneixent l&#8217;angl\u00e8s i les seves tradicions. Trick or Treat?<a href=\"https:\/\/agora.xtec.cat\/ceip-joan-coret\/wp-content\/uploads\/usu1194\/2021\/11\/WhatsApp-Image-2021-11-09-at-16.54.31-2.jpeg\"><br \/>\n<\/a><a href=\"https:\/\/agora.xtec.cat\/ceip-joan-coret\/wp-content\/uploads\/usu1194\/2021\/11\/WhatsApp-Image-2021-11-09-at-16.54.31-2.jpeg\"><img loading=\"lazy\" decoding=\"async\" class=\"alignnone wp-image-5398\" src=\"https:\/\/agora.xtec.cat\/ceip-joan-coret\/wp-content\/uploads\/usu1194\/2021\/11\/WhatsApp-Image-2021-11-09-at-16.54.31-2-150x150.jpeg\" alt=\"\" width=\"120\" height=\"90\" srcset=\"https:\/\/agora.xtec.cat\/ceip-joan-coret\/wp-content\/uploads\/usu1194\/2021\/11\/WhatsApp-Image-2021-11-09-at-16.54.31-2-300x225.jpeg 300w, https:\/\/agora.xtec.cat\/ceip-joan-coret\/wp-content\/uploads\/usu1194\/2021\/11\/WhatsApp-Image-2021-11-09-at-16.54.31-2-1024x768.jpeg 1024w, https:\/\/agora.xtec.cat\/ceip-joan-coret\/wp-content\/uploads\/usu1194\/2021\/11\/WhatsApp-Image-2021-11-09-at-16.54.31-2-768x576.jpeg 768w, https:\/\/agora.xtec.cat\/ceip-joan-coret\/wp-content\/uploads\/usu1194\/2021\/11\/WhatsApp-Image-2021-11-09-at-16.54.31-2-1536x1152.jpeg 1536w, https:\/\/agora.xtec.cat\/ceip-joan-coret\/wp-content\/uploads\/usu1194\/2021\/11\/WhatsApp-Image-2021-11-09-at-16.54.31-2-200x150.jpeg 200w, https:\/\/agora.xtec.cat\/ceip-joan-coret\/wp-content\/uploads\/usu1194\/2021\/11\/WhatsApp-Image-2021-11-09-at-16.54.31-2.jpeg 1600w\" sizes=\"auto, (max-width: 120px) 100vw, 120px\" \/><\/a> <a href=\"https:\/\/agora.xtec.cat\/ceip-joan-coret\/wp-content\/uploads\/usu1194\/2021\/11\/WhatsApp-Image-2021-11-09-at-16.54.31-3.jpeg\"><img loading=\"lazy\" decoding=\"async\" class=\"alignleft wp-image-5399\" src=\"https:\/\/agora.xtec.cat\/ceip-joan-coret\/wp-content\/uploads\/usu1194\/2021\/11\/WhatsApp-Image-2021-11-09-at-16.54.31-3-150x150.jpeg\" alt=\"\" width=\"120\" height=\"160\" srcset=\"https:\/\/agora.xtec.cat\/ceip-joan-coret\/wp-content\/uploads\/usu1194\/2021\/11\/WhatsApp-Image-2021-11-09-at-16.54.31-3-225x300.jpeg 225w, https:\/\/agora.xtec.cat\/ceip-joan-coret\/wp-content\/uploads\/usu1194\/2021\/11\/WhatsApp-Image-2021-11-09-at-16.54.31-3-768x1024.jpeg 768w, https:\/\/agora.xtec.cat\/ceip-joan-coret\/wp-content\/uploads\/usu1194\/2021\/11\/WhatsApp-Image-2021-11-09-at-16.54.31-3-1152x1536.jpeg 1152w, https:\/\/agora.xtec.cat\/ceip-joan-coret\/wp-content\/uploads\/usu1194\/2021\/11\/WhatsApp-Image-2021-11-09-at-16.54.31-3.jpeg 1200w\" sizes=\"auto, (max-width: 120px) 100vw, 120px\" \/><\/a><a href=\"https:\/\/agora.xtec.cat\/ceip-joan-coret\/wp-content\/uploads\/usu1194\/2021\/11\/WhatsApp-Image-2021-11-09-at-16.54.31-4.jpeg\"><img loading=\"lazy\" decoding=\"async\" class=\"alignleft wp-image-5400\" src=\"https:\/\/agora.xtec.cat\/ceip-joan-coret\/wp-content\/uploads\/usu1194\/2021\/11\/WhatsApp-Image-2021-11-09-at-16.54.31-4-150x150.jpeg\" alt=\"\" width=\"120\" height=\"160\" srcset=\"https:\/\/agora.xtec.cat\/ceip-joan-coret\/wp-content\/uploads\/usu1194\/2021\/11\/WhatsApp-Image-2021-11-09-at-16.54.31-4-225x300.jpeg 225w, https:\/\/agora.xtec.cat\/ceip-joan-coret\/wp-content\/uploads\/usu1194\/2021\/11\/WhatsApp-Image-2021-11-09-at-16.54.31-4-768x1024.jpeg 768w, https:\/\/agora.xtec.cat\/ceip-joan-coret\/wp-content\/uploads\/usu1194\/2021\/11\/WhatsApp-Image-2021-11-09-at-16.54.31-4-1152x1536.jpeg 1152w, https:\/\/agora.xtec.cat\/ceip-joan-coret\/wp-content\/uploads\/usu1194\/2021\/11\/WhatsApp-Image-2021-11-09-at-16.54.31-4.jpeg 1200w\" sizes=\"auto, (max-width: 120px) 100vw, 120px\" \/><\/a> <a href=\"https:\/\/agora.xtec.cat\/ceip-joan-coret\/wp-content\/uploads\/usu1194\/2021\/11\/WhatsApp-Image-2021-11-09-at-16.54.31.jpeg\"><img loading=\"lazy\" decoding=\"async\" class=\"alignleft wp-image-5405\" src=\"https:\/\/agora.xtec.cat\/ceip-joan-coret\/wp-content\/uploads\/usu1194\/2021\/11\/WhatsApp-Image-2021-11-09-at-16.54.31-150x150.jpeg\" alt=\"\" width=\"120\" height=\"160\" srcset=\"https:\/\/agora.xtec.cat\/ceip-joan-coret\/wp-content\/uploads\/usu1194\/2021\/11\/WhatsApp-Image-2021-11-09-at-16.54.31-225x300.jpeg 225w, https:\/\/agora.xtec.cat\/ceip-joan-coret\/wp-content\/uploads\/usu1194\/2021\/11\/WhatsApp-Image-2021-11-09-at-16.54.31-768x1024.jpeg 768w, https:\/\/agora.xtec.cat\/ceip-joan-coret\/wp-content\/uploads\/usu1194\/2021\/11\/WhatsApp-Image-2021-11-09-at-16.54.31-1152x1536.jpeg 1152w, https:\/\/agora.xtec.cat\/ceip-joan-coret\/wp-content\/uploads\/usu1194\/2021\/11\/WhatsApp-Image-2021-11-09-at-16.54.31.jpeg 1200w\" sizes=\"auto, (max-width: 120px) 100vw, 120px\" \/><\/a><a href=\"https:\/\/agora.xtec.cat\/ceip-joan-coret\/wp-content\/uploads\/usu1194\/2021\/11\/WhatsApp-Image-2021-11-09-at-16.54.31-1.jpeg\"><img loading=\"lazy\" decoding=\"async\" class=\"alignnone wp-image-5397\" src=\"https:\/\/agora.xtec.cat\/ceip-joan-coret\/wp-content\/uploads\/usu1194\/2021\/11\/WhatsApp-Image-2021-11-09-at-16.54.31-1-150x150.jpeg\" alt=\"\" width=\"120\" height=\"160\" srcset=\"https:\/\/agora.xtec.cat\/ceip-joan-coret\/wp-content\/uploads\/usu1194\/2021\/11\/WhatsApp-Image-2021-11-09-at-16.54.31-1-225x300.jpeg 225w, https:\/\/agora.xtec.cat\/ceip-joan-coret\/wp-content\/uploads\/usu1194\/2021\/11\/WhatsApp-Image-2021-11-09-at-16.54.31-1-768x1024.jpeg 768w, https:\/\/agora.xtec.cat\/ceip-joan-coret\/wp-content\/uploads\/usu1194\/2021\/11\/WhatsApp-Image-2021-11-09-at-16.54.31-1-1152x1536.jpeg 1152w, https:\/\/agora.xtec.cat\/ceip-joan-coret\/wp-content\/uploads\/usu1194\/2021\/11\/WhatsApp-Image-2021-11-09-at-16.54.31-1.jpeg 1200w\" sizes=\"auto, (max-width: 120px) 100vw, 120px\" \/><\/a><\/p>\n<p><a href=\"https:\/\/agora.xtec.cat\/ceip-joan-coret\/wp-content\/uploads\/usu1194\/2021\/11\/WhatsApp-Image-2021-11-09-at-16.54.32-1.jpeg\"><img loading=\"lazy\" decoding=\"async\" class=\"alignleft wp-image-5403\" src=\"https:\/\/agora.xtec.cat\/ceip-joan-coret\/wp-content\/uploads\/usu1194\/2021\/11\/WhatsApp-Image-2021-11-09-at-16.54.32-1-150x150.jpeg\" alt=\"\" width=\"120\" height=\"160\" srcset=\"https:\/\/agora.xtec.cat\/ceip-joan-coret\/wp-content\/uploads\/usu1194\/2021\/11\/WhatsApp-Image-2021-11-09-at-16.54.32-1-225x300.jpeg 225w, https:\/\/agora.xtec.cat\/ceip-joan-coret\/wp-content\/uploads\/usu1194\/2021\/11\/WhatsApp-Image-2021-11-09-at-16.54.32-1-768x1024.jpeg 768w, https:\/\/agora.xtec.cat\/ceip-joan-coret\/wp-content\/uploads\/usu1194\/2021\/11\/WhatsApp-Image-2021-11-09-at-16.54.32-1-1152x1536.jpeg 1152w, https:\/\/agora.xtec.cat\/ceip-joan-coret\/wp-content\/uploads\/usu1194\/2021\/11\/WhatsApp-Image-2021-11-09-at-16.54.32-1.jpeg 1200w\" sizes=\"auto, (max-width: 120px) 100vw, 120px\" \/><\/a><a href=\"https:\/\/agora.xtec.cat\/ceip-joan-coret\/wp-content\/uploads\/usu1194\/2021\/11\/WhatsApp-Image-2021-11-09-at-16.54.31-6.jpeg\"><img loading=\"lazy\" decoding=\"async\" class=\"alignnone wp-image-5402\" src=\"https:\/\/agora.xtec.cat\/ceip-joan-coret\/wp-content\/uploads\/usu1194\/2021\/11\/WhatsApp-Image-2021-11-09-at-16.54.31-6-150x150.jpeg\" alt=\"\" width=\"120\" height=\"160\" srcset=\"https:\/\/agora.xtec.cat\/ceip-joan-coret\/wp-content\/uploads\/usu1194\/2021\/11\/WhatsApp-Image-2021-11-09-at-16.54.31-6-225x300.jpeg 225w, https:\/\/agora.xtec.cat\/ceip-joan-coret\/wp-content\/uploads\/usu1194\/2021\/11\/WhatsApp-Image-2021-11-09-at-16.54.31-6-768x1024.jpeg 768w, https:\/\/agora.xtec.cat\/ceip-joan-coret\/wp-content\/uploads\/usu1194\/2021\/11\/WhatsApp-Image-2021-11-09-at-16.54.31-6-1152x1536.jpeg 1152w, https:\/\/agora.xtec.cat\/ceip-joan-coret\/wp-content\/uploads\/usu1194\/2021\/11\/WhatsApp-Image-2021-11-09-at-16.54.31-6.jpeg 1200w\" sizes=\"auto, (max-width: 120px) 100vw, 120px\" \/><\/a><\/p>\n","protected":false},"excerpt":{"rendered":"<p>Les nenes i nens de 1r i 2n de Prim\u00e0ria van decorar el mural i el passad\u00eds de les classes amb aquestes creacions de Halloween!!! Van gaudir i aprendre molt coneixent l&#8217;angl\u00e8s i les seves tradicions. Trick or Treat?<a href=\"https:\/\/agora.xtec.cat\/ceip-joan-coret\/wp-content\/uploads\/usu1194\/2021\/11\/WhatsApp-Image-2021-11-09-at-16.54.31-2.jpeg\"><br \/>\n<\/a><a href=\"https:\/\/agora.xtec.cat\/ceip-joan-coret\/wp-content\/uploads\/usu1194\/2021\/11\/WhatsApp-Image-2021-11-09-at-16.54.31-2.jpeg\"><\/a> <a href=\"https:\/\/agora.xtec.cat\/ceip-joan-coret\/wp-content\/uploads\/usu1194\/2021\/11\/WhatsApp-Image-2021-11-09-at-16.54.31-3.jpeg\"><\/a><a href=\"https:\/\/agora.xtec.cat\/ceip-joan-coret\/wp-content\/uploads\/usu1194\/2021\/11\/WhatsApp-Image-2021-11-09-at-16.54.31-4.jpeg\"><\/a> <a&hellip;  <a href=\"https:\/\/agora.xtec.cat\/ceip-joan-coret\/portada\/halloween-al-jon-coret\/\" title=\"Read Halloween al Joan Coret\">Llegeix m\u00e9s\u00bb<\/a><\/p>\n","protected":false},"author":69,"featured_media":1023,"comment_status":"open","ping_status":"closed","sticky":false,"template":"","format":"standard","meta":{"_bbp_topic_count":0,"_bbp_reply_count":0,"_bbp_total_topic_count":0,"_bbp_total_reply_count":0,"_bbp_voice_count":0,"_bbp_anonymous_reply_count":0,"_bbp_topic_count_hidden":0,"_bbp_reply_count_hidden":0,"_bbp_forum_subforum_count":0,"footnotes":""},"categories":[10,11,67,4,5],"tags":[],"class_list":["post-5396","post","type-post","status-publish","format-standard","has-post-thumbnail","hentry","category-1r","category-2n","category-angles","category-portada","category-primaria"],"post_mailing_queue_ids":[],"_links":{"self":[{"href":"https:\/\/agora.xtec.cat\/ceip-joan-coret\/wp-json\/wp\/v2\/posts\/5396","targetHints":{"allow":["GET"]}}],"collection":[{"href":"https:\/\/agora.xtec.cat\/ceip-joan-coret\/wp-json\/wp\/v2\/posts"}],"about":[{"href":"https:\/\/agora.xtec.cat\/ceip-joan-coret\/wp-json\/wp\/v2\/types\/post"}],"author":[{"embeddable":true,"href":"https:\/\/agora.xtec.cat\/ceip-joan-coret\/wp-json\/wp\/v2\/users\/69"}],"replies":[{"embeddable":true,"href":"https:\/\/agora.xtec.cat\/ceip-joan-coret\/wp-json\/wp\/v2\/comments?post=5396"}],"version-history":[{"count":3,"href":"https:\/\/agora.xtec.cat\/ceip-joan-coret\/wp-json\/wp\/v2\/posts\/5396\/revisions"}],"predecessor-version":[{"id":5479,"href":"https:\/\/agora.xtec.cat\/ceip-joan-coret\/wp-json\/wp\/v2\/posts\/5396\/revisions\/5479"}],"wp:featuredmedia":[{"embeddable":true,"href":"https:\/\/agora.xtec.cat\/ceip-joan-coret\/wp-json\/wp\/v2\/media\/1023"}],"wp:attachment":[{"href":"https:\/\/agora.xtec.cat\/ceip-joan-coret\/wp-json\/wp\/v2\/media?parent=5396"}],"wp:term":[{"taxonomy":"category","embeddable":true,"href":"https:\/\/agora.xtec.cat\/ceip-joan-coret\/wp-json\/wp\/v2\/categories?post=5396"},{"taxonomy":"post_tag","embeddable":true,"href":"https:\/\/agora.xtec.cat\/ceip-joan-coret\/wp-json\/wp\/v2\/tags?post=5396"}],"curies":[{"name":"wp","href":"https:\/\/api.w.org\/{rel}","templated":true}]}}