{"id":5384,"date":"2021-11-08T15:43:47","date_gmt":"2021-11-08T14:43:47","guid":{"rendered":"https:\/\/agora.xtec.cat\/ceip-joan-coret\/?p=5384"},"modified":"2021-11-08T15:43:47","modified_gmt":"2021-11-08T14:43:47","slug":"pots-arribar-on-tu-vulguis","status":"publish","type":"post","link":"https:\/\/agora.xtec.cat\/ceip-joan-coret\/portada\/pots-arribar-on-tu-vulguis\/","title":{"rendered":"Pots arribar on tu vulguis"},"content":{"rendered":"<p align=\"center\"><span><b>Hola<\/b><\/span><\/p>\n<p><span style=\"font-family: Arial, sans-serif;\"><span>Som la Martina G\u00f3mez i l\u2019 Izan de 6\u00e8A, hem fet una redacci\u00f3 tots els nens nenes de classe per\u00f2 us anem a presentar la nostra.<\/span><\/span><\/p>\n<p><span style=\"font-family: Arial, sans-serif;\"><span>La redacci\u00f3 era de \u00ab<b>POTS ARRIBAR ON TU VULGUIS\u00bb<\/b>\u00a0podia ser emocional, acad\u00e8mica i f\u00edsica.<\/span><\/span><\/p>\n<table style=\"border-collapse: collapse; width: 100%;\">\n<tbody>\n<tr>\n<td style=\"width: 25%;\"><\/td>\n<td style=\"width: 25%; text-align: center;\"><strong>MARTINA<\/strong><\/td>\n<td style=\"width: 50%; text-align: center;\"><strong>IZAN<\/strong><\/td>\n<\/tr>\n<tr>\n<td style=\"width: 25%; text-align: center;\">Libreoffice<\/td>\n<td style=\"width: 25%; text-align: center;\"><a style=\"color: #2795b6; font-size: 16px;\" href=\"https:\/\/agora.xtec.cat\/ceip-joan-coret\/wp-content\/uploads\/usu1194\/2021\/11\/POTS-ARRIBAR-ON-TU-VULGUIS.odt\">POTS ARRIBAR ON TU VULGUIS<\/a><\/td>\n<td style=\"width: 50%; text-align: center;\"><a style=\"color: #2795b6; font-size: 16px;\" href=\"https:\/\/agora.xtec.cat\/ceip-joan-coret\/wp-content\/uploads\/usu1194\/2021\/11\/21.11.07Pots-arribar-on-tu-vulguis.odt\">21.11.07Pots arribar on tu vulguis<\/a><\/td>\n<\/tr>\n<tr>\n<td style=\"width: 25%; text-align: center;\">Word<\/td>\n<td style=\"width: 25%; text-align: center;\"><a style=\"color: #2795b6; font-size: 16px;\" href=\"https:\/\/agora.xtec.cat\/ceip-joan-coret\/wp-content\/uploads\/usu1194\/2021\/11\/POTS-ARRIBAR-ON-TU-VULGUIS.doc\">POTS ARRIBAR ON TU VULGUIS<\/a><\/td>\n<td style=\"width: 50%; text-align: center;\"><a style=\"color: #2795b6; font-size: 16px;\" href=\"https:\/\/agora.xtec.cat\/ceip-joan-coret\/wp-content\/uploads\/usu1194\/2021\/11\/21.11.07Pots-arribar-on-tu-vulguis.doc\">21.11.07Pots arribar on tu vulguis<\/a><\/td>\n<\/tr>\n<\/tbody>\n<\/table>\n<p>&nbsp;<\/p>\n","protected":false},"excerpt":{"rendered":"<p>Hola<br \/>\nSom la Martina G\u00f3mez i l\u2019 Izan de 6\u00e8A, hem fet una redacci\u00f3 tots els nens nenes de classe per\u00f2 us anem a presentar la nostra.<br \/>\nLa redacci\u00f3 era de \u00abPOTS ARRIBAR ON TU VULGUIS\u00bb\u00a0podia ser emocional, acad\u00e8mica i f\u00edsica.<\/p>\n<p>MARTINA<br \/>\nIZAN<\/p>\n<p>Libreoffice<br \/>\n<a style=\"color: #2795b6; font-size: 16px;\" href=\"https:\/\/agora.xtec.cat\/ceip-joan-coret\/wp-content\/uploads\/usu1194\/2021\/11\/POTS-ARRIBAR-ON-TU-VULGUIS.odt\">POTS ARRIBAR&hellip;  <a href=\"https:\/\/agora.xtec.cat\/ceip-joan-coret\/portada\/pots-arribar-on-tu-vulguis\/\" title=\"Read Pots arribar on tu vulguis\">Llegeix m\u00e9s\u00bb<\/a><\/p>\n","protected":false},"author":3,"featured_media":0,"comment_status":"open","ping_status":"closed","sticky":false,"template":"","format":"standard","meta":{"_bbp_topic_count":0,"_bbp_reply_count":0,"_bbp_total_topic_count":0,"_bbp_total_reply_count":0,"_bbp_voice_count":0,"_bbp_anonymous_reply_count":0,"_bbp_topic_count_hidden":0,"_bbp_reply_count_hidden":0,"_bbp_forum_subforum_count":0,"footnotes":""},"categories":[15,4],"tags":[],"class_list":["post-5384","post","type-post","status-publish","format-standard","hentry","category-6e","category-portada"],"post_mailing_queue_ids":[],"_links":{"self":[{"href":"https:\/\/agora.xtec.cat\/ceip-joan-coret\/wp-json\/wp\/v2\/posts\/5384","targetHints":{"allow":["GET"]}}],"collection":[{"href":"https:\/\/agora.xtec.cat\/ceip-joan-coret\/wp-json\/wp\/v2\/posts"}],"about":[{"href":"https:\/\/agora.xtec.cat\/ceip-joan-coret\/wp-json\/wp\/v2\/types\/post"}],"author":[{"embeddable":true,"href":"https:\/\/agora.xtec.cat\/ceip-joan-coret\/wp-json\/wp\/v2\/users\/3"}],"replies":[{"embeddable":true,"href":"https:\/\/agora.xtec.cat\/ceip-joan-coret\/wp-json\/wp\/v2\/comments?post=5384"}],"version-history":[{"count":1,"href":"https:\/\/agora.xtec.cat\/ceip-joan-coret\/wp-json\/wp\/v2\/posts\/5384\/revisions"}],"predecessor-version":[{"id":5389,"href":"https:\/\/agora.xtec.cat\/ceip-joan-coret\/wp-json\/wp\/v2\/posts\/5384\/revisions\/5389"}],"wp:attachment":[{"href":"https:\/\/agora.xtec.cat\/ceip-joan-coret\/wp-json\/wp\/v2\/media?parent=5384"}],"wp:term":[{"taxonomy":"category","embeddable":true,"href":"https:\/\/agora.xtec.cat\/ceip-joan-coret\/wp-json\/wp\/v2\/categories?post=5384"},{"taxonomy":"post_tag","embeddable":true,"href":"https:\/\/agora.xtec.cat\/ceip-joan-coret\/wp-json\/wp\/v2\/tags?post=5384"}],"curies":[{"name":"wp","href":"https:\/\/api.w.org\/{rel}","templated":true}]}}