{"id":5343,"date":"2021-11-02T13:43:38","date_gmt":"2021-11-02T12:43:38","guid":{"rendered":"https:\/\/agora.xtec.cat\/ceip-joan-coret\/?p=5343"},"modified":"2021-11-03T10:53:56","modified_gmt":"2021-11-03T09:53:56","slug":"bosc-vertical-mataro","status":"publish","type":"post","link":"https:\/\/agora.xtec.cat\/ceip-joan-coret\/portada\/bosc-vertical-mataro\/","title":{"rendered":"Bosc Vertical Matar\u00f3"},"content":{"rendered":"<p align=\"center\"><span style=\"color: #89c765;\"><span style=\"font-size: xx-large;\">BOSC VERTICAL MATAR\u00d3 <\/span><\/span><\/p>\n<p align=\"left\"><span style=\"color: #000000;\"><span style=\"font-size: large;\">El bosc vertical, situat a Matar\u00f3, \u00e9s un lloc on pots llen\u00e7ar-te per tirolines o penjar entre els alt\u00edssims arbres aguantat nom\u00e9s d\u2019un arn\u00e8s. Ho vaig passar-ho molt b\u00e9, per\u00f2 els que no volien llen\u00e7ar-se per por o vertigen podien donar una volta per explorar el bosc. \u00c9s un lloc molt emocionant i on pots viure una de les aventures m\u00e9s xules de la teva vida. Jo, en Pol Parera de 6\u00e8 B m\u2019ho vaig passar super b\u00e9 perqu\u00e8 a les tirolines em sentia com Indiana Jones. Jo, en Iv\u00e1n Garc\u00eda de 6\u00e8A no vaig anar per uns problemes, per\u00f2 els meus companys i companyes em van dir com era d\u2019 emocionant i \u00abguai\u00bb. Com m\u2019agradaria haver-hi anat!<\/span><\/span><\/p>\n<p align=\"left\"><span style=\"color: #000000;\"><span style=\"font-size: large;\">Iv\u00e1n Garc\u00eda i Pol Parera<\/span><\/span><\/p>\n<p align=\"left\"><span style=\"color: #000000;\"><span style=\"font-size: large;\">Poema fet per Pol Parera:<\/span><\/span><\/p>\n<h4 align=\"left\"><span style=\"color: #000000;\"><span style=\"font-size: large;\">Aqu\u00ed, al bosc vertical<\/span><\/span><\/h4>\n<h4 align=\"left\"><span style=\"color: #000000;\"><span style=\"font-size: large;\">On pots anar si et sents fatal <\/span><\/span><\/h4>\n<h4 align=\"left\"><span style=\"color: #000000;\"><span style=\"font-size: large;\">una tirolina i ja et sents feli\u00e7 com a carnaval<\/span><\/span><\/h4>\n<h4 align=\"left\"><span style=\"color: #000000;\"><span style=\"font-size: large;\">alts ponts, o moguts troncs.<\/span><\/span><\/h4>\n<h4 align=\"left\"><span style=\"color: #000000;\"><span style=\"font-size: large;\">Ser\u00e0 l\u2019 aventura<\/span><\/span><\/h4>\n<h4 align=\"left\"><span style=\"color: #000000;\"><span style=\"font-size: large;\">que tot ho cura!<\/span><\/span><\/h4>\n<p align=\"left\"><a href=\"https:\/\/photos.app.goo.gl\/tArb8D5YKZCUPzAb7\" target=\"_blank\" rel=\"noopener\">https:\/\/photos.app.goo.gl\/tArb8D5YKZCUPzAb7<\/a><\/p>\n<p align=\"left\"><a href=\"https:\/\/agora.xtec.cat\/ceip-joan-coret\/wp-content\/uploads\/usu1194\/2021\/11\/IMG_20211029_111946-scaled.jpg\"><img loading=\"lazy\" decoding=\"async\" class=\"alignnone wp-image-5347 size-thumbnail\" src=\"https:\/\/agora.xtec.cat\/ceip-joan-coret\/wp-content\/uploads\/usu1194\/2021\/11\/IMG_20211029_111946-150x150.jpg\" alt=\"\" width=\"150\" height=\"150\" \/><\/a> <a href=\"https:\/\/agora.xtec.cat\/ceip-joan-coret\/wp-content\/uploads\/usu1194\/2021\/11\/IMG_20211029_112458-scaled.jpg\"><img loading=\"lazy\" decoding=\"async\" class=\"alignnone wp-image-5348 size-thumbnail\" src=\"https:\/\/agora.xtec.cat\/ceip-joan-coret\/wp-content\/uploads\/usu1194\/2021\/11\/IMG_20211029_112458-150x150.jpg\" alt=\"\" width=\"150\" height=\"150\" \/><\/a> <a href=\"https:\/\/agora.xtec.cat\/ceip-joan-coret\/wp-content\/uploads\/usu1194\/2021\/11\/IMG_20211029_115834-scaled.jpg\"><img loading=\"lazy\" decoding=\"async\" class=\"alignnone wp-image-5349 size-thumbnail\" src=\"https:\/\/agora.xtec.cat\/ceip-joan-coret\/wp-content\/uploads\/usu1194\/2021\/11\/IMG_20211029_115834-150x150.jpg\" alt=\"\" width=\"150\" height=\"150\" \/><\/a><\/p>\n","protected":false},"excerpt":{"rendered":"<p>BOSC VERTICAL MATAR\u00d3<br \/>\nEl bosc vertical, situat a Matar\u00f3, \u00e9s un lloc on pots llen\u00e7ar-te per tirolines o penjar entre els alt\u00edssims arbres aguantat nom\u00e9s d\u2019un arn\u00e8s. Ho vaig passar-ho molt b\u00e9, per\u00f2 els que no volien llen\u00e7ar-se per por o vertigen podien donar una&hellip;  <a href=\"https:\/\/agora.xtec.cat\/ceip-joan-coret\/portada\/bosc-vertical-mataro\/\" title=\"Read Bosc Vertical Matar\u00f3\">Llegeix m\u00e9s\u00bb<\/a><\/p>\n","protected":false},"author":3,"featured_media":0,"comment_status":"open","ping_status":"closed","sticky":false,"template":"","format":"standard","meta":{"_bbp_topic_count":0,"_bbp_reply_count":0,"_bbp_total_topic_count":0,"_bbp_total_reply_count":0,"_bbp_voice_count":0,"_bbp_anonymous_reply_count":0,"_bbp_topic_count_hidden":0,"_bbp_reply_count_hidden":0,"_bbp_forum_subforum_count":0,"footnotes":""},"categories":[13,14,15,4],"tags":[],"class_list":["post-5343","post","type-post","status-publish","format-standard","hentry","category-4t","category-5e","category-6e","category-portada"],"post_mailing_queue_ids":[],"_links":{"self":[{"href":"https:\/\/agora.xtec.cat\/ceip-joan-coret\/wp-json\/wp\/v2\/posts\/5343","targetHints":{"allow":["GET"]}}],"collection":[{"href":"https:\/\/agora.xtec.cat\/ceip-joan-coret\/wp-json\/wp\/v2\/posts"}],"about":[{"href":"https:\/\/agora.xtec.cat\/ceip-joan-coret\/wp-json\/wp\/v2\/types\/post"}],"author":[{"embeddable":true,"href":"https:\/\/agora.xtec.cat\/ceip-joan-coret\/wp-json\/wp\/v2\/users\/3"}],"replies":[{"embeddable":true,"href":"https:\/\/agora.xtec.cat\/ceip-joan-coret\/wp-json\/wp\/v2\/comments?post=5343"}],"version-history":[{"count":3,"href":"https:\/\/agora.xtec.cat\/ceip-joan-coret\/wp-json\/wp\/v2\/posts\/5343\/revisions"}],"predecessor-version":[{"id":5351,"href":"https:\/\/agora.xtec.cat\/ceip-joan-coret\/wp-json\/wp\/v2\/posts\/5343\/revisions\/5351"}],"wp:attachment":[{"href":"https:\/\/agora.xtec.cat\/ceip-joan-coret\/wp-json\/wp\/v2\/media?parent=5343"}],"wp:term":[{"taxonomy":"category","embeddable":true,"href":"https:\/\/agora.xtec.cat\/ceip-joan-coret\/wp-json\/wp\/v2\/categories?post=5343"},{"taxonomy":"post_tag","embeddable":true,"href":"https:\/\/agora.xtec.cat\/ceip-joan-coret\/wp-json\/wp\/v2\/tags?post=5343"}],"curies":[{"name":"wp","href":"https:\/\/api.w.org\/{rel}","templated":true}]}}