{"id":5328,"date":"2021-10-01T09:44:44","date_gmt":"2021-10-01T07:44:44","guid":{"rendered":"https:\/\/agora.xtec.cat\/ceip-joan-coret\/?p=5328"},"modified":"2021-10-01T09:44:44","modified_gmt":"2021-10-01T07:44:44","slug":"poemes-pol","status":"publish","type":"post","link":"https:\/\/agora.xtec.cat\/ceip-joan-coret\/portada\/poemes-pol\/","title":{"rendered":"Poemes POL"},"content":{"rendered":"<p>En Pol Parera, un alumne de sis\u00e8, ens ha preparat dos poemes i aqu\u00ed us els vol presentar. Un \u00e9s <strong>EL CASTELL DEL SILENCI<\/strong> i l&#8217;altre \u00e9s <strong>UN LLOP AL BOSC<\/strong>. Esperem que us agradin!!<\/p>\n<p style=\"text-align: center;\"><b>EL CASTELL DEL SILENCI<\/b><\/p>\n<dl>\n<dd>\n<table style=\"width: 96.176%;\" width=\"287\" cellspacing=\"0\" cellpadding=\"4\">\n<tbody>\n<tr>\n<td style=\"width: 100%;\" valign=\"top\" width=\"279\">\n<p align=\"center\">Al castell del silenci<\/p>\n<p align=\"center\">tothom per aqu\u00ed i all\u00e0<\/p>\n<p align=\"center\">treballant sense parar<\/p>\n<p align=\"center\">per\u00f2 tots estaven callats.<\/p>\n<p align=\"center\">Era la llei!<\/p>\n<p align=\"center\">Ho deia el Rei.<\/p>\n<p align=\"center\">No podien fer res<\/p>\n<p align=\"center\">menys un petit nen<\/p>\n<p align=\"center\">a qui el silenci no li agradava<\/p>\n<p align=\"center\">i segur que als dem\u00e9s<\/p>\n<p align=\"center\">pensaven el mateix.<\/p>\n<p align=\"center\">Amb la seva fam\u00edlia va marxar<\/p>\n<p align=\"center\">i el poble el va seguir.<\/p>\n<p align=\"center\">El rei es va quedar sol i avorrit<\/p>\n<p align=\"center\">i va aprendre la lli\u00e7\u00f3<\/p>\n<p align=\"center\">de que si no t\u2019agrada alguna cosa<\/p>\n<p align=\"center\">els altres no tenen perqu\u00e8 no.<\/p>\n<\/td>\n<\/tr>\n<\/tbody>\n<\/table>\n<\/dd>\n<\/dl>\n<p align=\"center\"><b>UN LLOP AL BOSC<\/b><\/p>\n<p align=\"center\">Un llop al bosc<\/p>\n<p align=\"center\">buscava preses per ca\u00e7ar<\/p>\n<p align=\"center\">tenia molt\u00edssima fam<\/p>\n<p align=\"center\">quan trob\u00e9s una<\/p>\n<p align=\"center\">sobre ella anava a saltar.<\/p>\n<p align=\"center\">Arbres, roques i flors<\/p>\n<p align=\"center\">no veia res<\/p>\n<p align=\"center\">cada vegada es precipitava m\u00e9s<\/p>\n<p align=\"center\">fins que un conillet va trobar<\/p>\n<p align=\"center\">i se\u2019l va voler menjar.<\/p>\n<p align=\"center\">El conill llest el va esquivar<\/p>\n<p align=\"center\">i li diu al llop:<\/p>\n<p align=\"center\">\u00abEp! Per qu\u00e8 em vols menjar<\/p>\n<p align=\"center\">i no a la verdura?<\/p>\n<p align=\"center\">Si menges verdura<\/p>\n<p align=\"center\">penses en els dem\u00e9s,<\/p>\n<p align=\"center\">aix\u00ed ser\u00e0s tu i feli\u00e7os serem tots\u00bb.<\/p>\n<p align=\"center\">Llavors el llop se\u2019n va anar<\/p>\n<p align=\"center\">i en all\u00f2 que li va dir el conill, pens\u00e0.<\/p>\n","protected":false},"excerpt":{"rendered":"<p>En Pol Parera, un alumne de sis\u00e8, ens ha preparat dos poemes i aqu\u00ed us els vol presentar. Un \u00e9s EL CASTELL DEL SILENCI i l&#8217;altre \u00e9s UN LLOP AL BOSC. Esperem que us agradin!!<br \/>\nEL CASTELL DEL SILENCI<\/p>\n<p>Al castell del silenci<br \/>\ntothom per aqu\u00ed i all\u00e0<br \/>\ntreballant&hellip;  <a href=\"https:\/\/agora.xtec.cat\/ceip-joan-coret\/portada\/poemes-pol\/\" title=\"Read Poemes POL\">Llegeix m\u00e9s\u00bb<\/a><\/p>\n","protected":false},"author":3,"featured_media":0,"comment_status":"open","ping_status":"closed","sticky":false,"template":"","format":"standard","meta":{"_bbp_topic_count":0,"_bbp_reply_count":0,"_bbp_total_topic_count":0,"_bbp_total_reply_count":0,"_bbp_voice_count":0,"_bbp_anonymous_reply_count":0,"_bbp_topic_count_hidden":0,"_bbp_reply_count_hidden":0,"_bbp_forum_subforum_count":0,"footnotes":""},"categories":[15,4],"tags":[65,382,383],"class_list":["post-5328","post","type-post","status-publish","format-standard","hentry","category-6e","category-portada","tag-6e","tag-poemes","tag-pol-parera"],"post_mailing_queue_ids":[],"_links":{"self":[{"href":"https:\/\/agora.xtec.cat\/ceip-joan-coret\/wp-json\/wp\/v2\/posts\/5328","targetHints":{"allow":["GET"]}}],"collection":[{"href":"https:\/\/agora.xtec.cat\/ceip-joan-coret\/wp-json\/wp\/v2\/posts"}],"about":[{"href":"https:\/\/agora.xtec.cat\/ceip-joan-coret\/wp-json\/wp\/v2\/types\/post"}],"author":[{"embeddable":true,"href":"https:\/\/agora.xtec.cat\/ceip-joan-coret\/wp-json\/wp\/v2\/users\/3"}],"replies":[{"embeddable":true,"href":"https:\/\/agora.xtec.cat\/ceip-joan-coret\/wp-json\/wp\/v2\/comments?post=5328"}],"version-history":[{"count":1,"href":"https:\/\/agora.xtec.cat\/ceip-joan-coret\/wp-json\/wp\/v2\/posts\/5328\/revisions"}],"predecessor-version":[{"id":5329,"href":"https:\/\/agora.xtec.cat\/ceip-joan-coret\/wp-json\/wp\/v2\/posts\/5328\/revisions\/5329"}],"wp:attachment":[{"href":"https:\/\/agora.xtec.cat\/ceip-joan-coret\/wp-json\/wp\/v2\/media?parent=5328"}],"wp:term":[{"taxonomy":"category","embeddable":true,"href":"https:\/\/agora.xtec.cat\/ceip-joan-coret\/wp-json\/wp\/v2\/categories?post=5328"},{"taxonomy":"post_tag","embeddable":true,"href":"https:\/\/agora.xtec.cat\/ceip-joan-coret\/wp-json\/wp\/v2\/tags?post=5328"}],"curies":[{"name":"wp","href":"https:\/\/api.w.org\/{rel}","templated":true}]}}