{"id":5263,"date":"2021-06-21T23:42:54","date_gmt":"2021-06-21T21:42:54","guid":{"rendered":"http:\/\/agora.xtec.cat\/ceip-joan-coret\/?p=5263"},"modified":"2021-09-09T13:53:10","modified_gmt":"2021-09-09T11:53:10","slug":"video-graduacio-6e","status":"publish","type":"post","link":"https:\/\/agora.xtec.cat\/ceip-joan-coret\/portada\/video-graduacio-6e\/","title":{"rendered":"Video graduaci\u00f3 6\u00e8"},"content":{"rendered":"<p>Sempre que tenim un video aix\u00ed ens quedem enganxats a la pantalla veient i pensant com es pot fer un video tan espectacular amb una aparent senzillesa. Aix\u00f2 ens ha tornat a passar (i ja van moltes Llu\u00eds) amb el video que ens ha preparat en Llu\u00eds Cabeza de la graduaci\u00f3 de 6\u00e8. Veieu-lo i esperem que us agradi tant com a nosaltres!<\/p>\n<p>Moltes gr\u00e0cies Llu\u00eds!!<\/p>\n<p style=\"text-align: center;\"><iframe loading=\"lazy\" src=\"\/\/www.youtube.com\/embed\/B4MjzwzixD8\" width=\"560\" height=\"314\"><\/iframe><\/p>\n","protected":false},"excerpt":{"rendered":"<p>Sempre que tenim un video aix\u00ed ens quedem enganxats a la pantalla veient i pensant com es pot fer un video tan espectacular amb una aparent senzillesa. Aix\u00f2 ens ha tornat a passar (i ja van moltes Llu\u00eds) amb el video que ens ha preparat&hellip;  <a href=\"https:\/\/agora.xtec.cat\/ceip-joan-coret\/portada\/video-graduacio-6e\/\" title=\"Read Video graduaci\u00f3 6\u00e8\">Llegeix m\u00e9s\u00bb<\/a><\/p>\n","protected":false},"author":3,"featured_media":5264,"comment_status":"open","ping_status":"closed","sticky":false,"template":"","format":"standard","meta":{"_bbp_topic_count":0,"_bbp_reply_count":0,"_bbp_total_topic_count":0,"_bbp_total_reply_count":0,"_bbp_voice_count":0,"_bbp_anonymous_reply_count":0,"_bbp_topic_count_hidden":0,"_bbp_reply_count_hidden":0,"_bbp_forum_subforum_count":0,"footnotes":""},"categories":[15,4],"tags":[65,122],"class_list":["post-5263","post","type-post","status-publish","format-standard","has-post-thumbnail","hentry","category-6e","category-portada","tag-6e","tag-graduacio"],"post_mailing_queue_ids":[],"_links":{"self":[{"href":"https:\/\/agora.xtec.cat\/ceip-joan-coret\/wp-json\/wp\/v2\/posts\/5263","targetHints":{"allow":["GET"]}}],"collection":[{"href":"https:\/\/agora.xtec.cat\/ceip-joan-coret\/wp-json\/wp\/v2\/posts"}],"about":[{"href":"https:\/\/agora.xtec.cat\/ceip-joan-coret\/wp-json\/wp\/v2\/types\/post"}],"author":[{"embeddable":true,"href":"https:\/\/agora.xtec.cat\/ceip-joan-coret\/wp-json\/wp\/v2\/users\/3"}],"replies":[{"embeddable":true,"href":"https:\/\/agora.xtec.cat\/ceip-joan-coret\/wp-json\/wp\/v2\/comments?post=5263"}],"version-history":[{"count":2,"href":"https:\/\/agora.xtec.cat\/ceip-joan-coret\/wp-json\/wp\/v2\/posts\/5263\/revisions"}],"predecessor-version":[{"id":5273,"href":"https:\/\/agora.xtec.cat\/ceip-joan-coret\/wp-json\/wp\/v2\/posts\/5263\/revisions\/5273"}],"wp:featuredmedia":[{"embeddable":true,"href":"https:\/\/agora.xtec.cat\/ceip-joan-coret\/wp-json\/wp\/v2\/media\/5264"}],"wp:attachment":[{"href":"https:\/\/agora.xtec.cat\/ceip-joan-coret\/wp-json\/wp\/v2\/media?parent=5263"}],"wp:term":[{"taxonomy":"category","embeddable":true,"href":"https:\/\/agora.xtec.cat\/ceip-joan-coret\/wp-json\/wp\/v2\/categories?post=5263"},{"taxonomy":"post_tag","embeddable":true,"href":"https:\/\/agora.xtec.cat\/ceip-joan-coret\/wp-json\/wp\/v2\/tags?post=5263"}],"curies":[{"name":"wp","href":"https:\/\/api.w.org\/{rel}","templated":true}]}}