{"id":5248,"date":"2021-06-23T17:23:30","date_gmt":"2021-06-23T15:23:30","guid":{"rendered":"http:\/\/agora.xtec.cat\/ceip-joan-coret\/?p=5248"},"modified":"2021-06-23T17:23:30","modified_gmt":"2021-06-23T15:23:30","slug":"performance-yayoi-kusama","status":"publish","type":"post","link":"https:\/\/agora.xtec.cat\/ceip-joan-coret\/general\/performance-yayoi-kusama\/","title":{"rendered":"Performance Yayoi Kusama"},"content":{"rendered":"<p>&nbsp;<\/p>\n<p>Aqu\u00ed teniu els resultats de la performance que han fet els alumnes de 4t, basant-se amb la t\u00e8cnica de l&#8217;artista <strong>Yayoi Kusama<\/strong>, una de les tres artistes que hem treballat durant el projecte &#8220;Dones artistes&#8221;.<\/p>\n<p>Samarreta blanca, pintura, m\u00fasica cl\u00e0ssica i molta concentraci\u00f3, \u00e9s el que han necessitat per fer aquestes samarretes tan xules&#8230; Ah! I han sigut capa\u00e7os d&#8217;estar m\u00e9s de 20 minuts callats! Incre\u00efble, no?<\/p>\n<p>Tenim uns petits grans artistes!<\/p>\n<p>&nbsp;<\/p>\n<p><iframe loading=\"lazy\" title=\"Performance Yayoi Kusama\" width=\"500\" height=\"281\" src=\"https:\/\/www.youtube.com\/embed\/21nXlBO__Us?feature=oembed\" frameborder=\"0\" allow=\"accelerometer; autoplay; clipboard-write; encrypted-media; gyroscope; picture-in-picture; web-share\" referrerpolicy=\"strict-origin-when-cross-origin\" allowfullscreen><\/iframe><\/p>\n<p><a href=\"https:\/\/agora.xtec.cat\/ceip-joan-coret\/wp-content\/uploads\/usu1194\/2021\/06\/foto-kusama.jpg\"><img loading=\"lazy\" decoding=\"async\" class=\"alignnone size-large wp-image-5249\" src=\"https:\/\/agora.xtec.cat\/ceip-joan-coret\/wp-content\/uploads\/usu1194\/2021\/06\/foto-kusama-1024x768.jpg\" alt=\"\" width=\"1024\" height=\"768\" srcset=\"https:\/\/agora.xtec.cat\/ceip-joan-coret\/wp-content\/uploads\/usu1194\/2021\/06\/foto-kusama-1024x768.jpg 1024w, https:\/\/agora.xtec.cat\/ceip-joan-coret\/wp-content\/uploads\/usu1194\/2021\/06\/foto-kusama-300x225.jpg 300w, https:\/\/agora.xtec.cat\/ceip-joan-coret\/wp-content\/uploads\/usu1194\/2021\/06\/foto-kusama-768x576.jpg 768w, https:\/\/agora.xtec.cat\/ceip-joan-coret\/wp-content\/uploads\/usu1194\/2021\/06\/foto-kusama-200x150.jpg 200w\" sizes=\"auto, (max-width: 1024px) 100vw, 1024px\" \/><\/a><\/p>\n<p>&nbsp;<\/p>\n<p>&nbsp;<\/p>\n","protected":false},"excerpt":{"rendered":"<p>&nbsp;<br \/>\nAqu\u00ed teniu els resultats de la performance que han fet els alumnes de 4t, basant-se amb la t\u00e8cnica de l&#8217;artista Yayoi Kusama, una de les tres artistes que hem treballat durant el projecte &#8220;Dones artistes&#8221;.<br \/>\nSamarreta blanca, pintura, m\u00fasica cl\u00e0ssica i molta concentraci\u00f3, \u00e9s el que&hellip;  <a href=\"https:\/\/agora.xtec.cat\/ceip-joan-coret\/general\/performance-yayoi-kusama\/\" title=\"Read Performance Yayoi Kusama\">Llegeix m\u00e9s\u00bb<\/a><\/p>\n","protected":false},"author":2,"featured_media":5266,"comment_status":"open","ping_status":"closed","sticky":false,"template":"","format":"standard","meta":{"_bbp_topic_count":0,"_bbp_reply_count":0,"_bbp_total_topic_count":0,"_bbp_total_reply_count":0,"_bbp_voice_count":0,"_bbp_anonymous_reply_count":0,"_bbp_topic_count_hidden":0,"_bbp_reply_count_hidden":0,"_bbp_forum_subforum_count":0,"footnotes":""},"categories":[1],"tags":[],"class_list":["post-5248","post","type-post","status-publish","format-standard","has-post-thumbnail","hentry","category-general"],"post_mailing_queue_ids":[],"_links":{"self":[{"href":"https:\/\/agora.xtec.cat\/ceip-joan-coret\/wp-json\/wp\/v2\/posts\/5248","targetHints":{"allow":["GET"]}}],"collection":[{"href":"https:\/\/agora.xtec.cat\/ceip-joan-coret\/wp-json\/wp\/v2\/posts"}],"about":[{"href":"https:\/\/agora.xtec.cat\/ceip-joan-coret\/wp-json\/wp\/v2\/types\/post"}],"author":[{"embeddable":true,"href":"https:\/\/agora.xtec.cat\/ceip-joan-coret\/wp-json\/wp\/v2\/users\/2"}],"replies":[{"embeddable":true,"href":"https:\/\/agora.xtec.cat\/ceip-joan-coret\/wp-json\/wp\/v2\/comments?post=5248"}],"version-history":[{"count":3,"href":"https:\/\/agora.xtec.cat\/ceip-joan-coret\/wp-json\/wp\/v2\/posts\/5248\/revisions"}],"predecessor-version":[{"id":5260,"href":"https:\/\/agora.xtec.cat\/ceip-joan-coret\/wp-json\/wp\/v2\/posts\/5248\/revisions\/5260"}],"wp:featuredmedia":[{"embeddable":true,"href":"https:\/\/agora.xtec.cat\/ceip-joan-coret\/wp-json\/wp\/v2\/media\/5266"}],"wp:attachment":[{"href":"https:\/\/agora.xtec.cat\/ceip-joan-coret\/wp-json\/wp\/v2\/media?parent=5248"}],"wp:term":[{"taxonomy":"category","embeddable":true,"href":"https:\/\/agora.xtec.cat\/ceip-joan-coret\/wp-json\/wp\/v2\/categories?post=5248"},{"taxonomy":"post_tag","embeddable":true,"href":"https:\/\/agora.xtec.cat\/ceip-joan-coret\/wp-json\/wp\/v2\/tags?post=5248"}],"curies":[{"name":"wp","href":"https:\/\/api.w.org\/{rel}","templated":true}]}}