{"id":5245,"date":"2021-06-12T23:18:00","date_gmt":"2021-06-12T21:18:00","guid":{"rendered":"http:\/\/agora.xtec.cat\/ceip-joan-coret\/?p=5245"},"modified":"2021-07-09T13:57:03","modified_gmt":"2021-07-09T11:57:03","slug":"colonies-6e-2021","status":"publish","type":"post","link":"https:\/\/agora.xtec.cat\/ceip-joan-coret\/portada\/colonies-6e-2021\/","title":{"rendered":"Col\u00f2nies 6\u00e8 2021"},"content":{"rendered":"<p>Ja tenim les fotos de les Col\u00f2nies de 6\u00e8 d&#8217;aquest any. Van ser uns dies genials on ens ho vam passar molt i molt b\u00e9. Remullats per\u00f2 contents i contentes!!<\/p>\n<p><a href=\"https:\/\/photos.app.goo.gl\/kNZkxE5dXM7cLqrD6\" target=\"_blank\" rel=\"noopener noreferrer\">https:\/\/photos.app.goo.gl\/kNZkxE5dXM7cLqrD6<\/a><\/p>\n","protected":false},"excerpt":{"rendered":"<p>Ja tenim les fotos de les Col\u00f2nies de 6\u00e8 d&#8217;aquest any. Van ser uns dies genials on ens ho vam passar molt i molt b\u00e9. Remullats per\u00f2 contents i contentes!!<br \/>\n<a href=\"https:\/\/photos.app.goo.gl\/kNZkxE5dXM7cLqrD6\" target=\"_blank\" rel=\"noopener noreferrer\">https:\/\/photos.app.goo.gl\/kNZkxE5dXM7cLqrD6<\/a><\/p>\n","protected":false},"author":3,"featured_media":0,"comment_status":"open","ping_status":"closed","sticky":false,"template":"","format":"standard","meta":{"_bbp_topic_count":0,"_bbp_reply_count":0,"_bbp_total_topic_count":0,"_bbp_total_reply_count":0,"_bbp_voice_count":0,"_bbp_anonymous_reply_count":0,"_bbp_topic_count_hidden":0,"_bbp_reply_count_hidden":0,"_bbp_forum_subforum_count":0,"footnotes":""},"categories":[15,4],"tags":[65,145,146],"class_list":["post-5245","post","type-post","status-publish","format-standard","hentry","category-6e","category-portada","tag-6e","tag-cala-canyelles","tag-colonies"],"post_mailing_queue_ids":[],"_links":{"self":[{"href":"https:\/\/agora.xtec.cat\/ceip-joan-coret\/wp-json\/wp\/v2\/posts\/5245","targetHints":{"allow":["GET"]}}],"collection":[{"href":"https:\/\/agora.xtec.cat\/ceip-joan-coret\/wp-json\/wp\/v2\/posts"}],"about":[{"href":"https:\/\/agora.xtec.cat\/ceip-joan-coret\/wp-json\/wp\/v2\/types\/post"}],"author":[{"embeddable":true,"href":"https:\/\/agora.xtec.cat\/ceip-joan-coret\/wp-json\/wp\/v2\/users\/3"}],"replies":[{"embeddable":true,"href":"https:\/\/agora.xtec.cat\/ceip-joan-coret\/wp-json\/wp\/v2\/comments?post=5245"}],"version-history":[{"count":1,"href":"https:\/\/agora.xtec.cat\/ceip-joan-coret\/wp-json\/wp\/v2\/posts\/5245\/revisions"}],"predecessor-version":[{"id":5246,"href":"https:\/\/agora.xtec.cat\/ceip-joan-coret\/wp-json\/wp\/v2\/posts\/5245\/revisions\/5246"}],"wp:attachment":[{"href":"https:\/\/agora.xtec.cat\/ceip-joan-coret\/wp-json\/wp\/v2\/media?parent=5245"}],"wp:term":[{"taxonomy":"category","embeddable":true,"href":"https:\/\/agora.xtec.cat\/ceip-joan-coret\/wp-json\/wp\/v2\/categories?post=5245"},{"taxonomy":"post_tag","embeddable":true,"href":"https:\/\/agora.xtec.cat\/ceip-joan-coret\/wp-json\/wp\/v2\/tags?post=5245"}],"curies":[{"name":"wp","href":"https:\/\/api.w.org\/{rel}","templated":true}]}}