{"id":5226,"date":"2021-06-09T13:03:04","date_gmt":"2021-06-09T11:03:04","guid":{"rendered":"http:\/\/agora.xtec.cat\/ceip-joan-coret\/?p=5226"},"modified":"2021-06-09T18:30:49","modified_gmt":"2021-06-09T16:30:49","slug":"les-primeres-super-colonies-de-4t","status":"publish","type":"post","link":"https:\/\/agora.xtec.cat\/ceip-joan-coret\/general\/les-primeres-super-colonies-de-4t\/","title":{"rendered":"Les primeres super col\u00f2nies de 4t"},"content":{"rendered":"<p>Aquest curs, per fi, els alumnes de 4t van poder gaudir per primera vegada d&#8217;unes col\u00f2nies!<\/p>\n<p>De totes les activitats, els jocs de nit van ser els\u00a0 que m\u00e9s ens va agradar! No vam parar de c\u00f3rrer i com no, de caure, tamb\u00e9! Per\u00f2 la resta de tallers van ser molt divertits i interessants, en els que vam aprendre molt sobre la prehist\u00f2ria. Ah! I l&#8217;\u00faltim dia vam fer una gimcana molt divertida que no vam parar en tot el mat\u00ed!<\/p>\n<p>A partir d&#8217;ara ja sabem fer foc (quin perill!), ca\u00e7ar (encara que ens falta una mica de punteria), pintar amb esp\u00e8cies, fer una eina amb materials naturals&#8230;. B\u00e9, que no us preocupeu&#8230;! Ja ens podeu deixar sols a un bosc que sobreviurem sense problemes!<\/p>\n<p>Aqu\u00ed teniu una mostra de tot el que vam fer i que reflexa com ens ho vam passar de b\u00e9!<\/p>\n<p><a href=\"https:\/\/photos.app.goo.gl\/yG6rcaJS4XHztiD19\" target=\"_blank\" rel=\"noopener noreferrer\">https:\/\/photos.app.goo.gl\/yG6rcaJS4XHztiD19<\/a><\/p>\n","protected":false},"excerpt":{"rendered":"<p>Aquest curs, per fi, els alumnes de 4t van poder gaudir per primera vegada d&#8217;unes col\u00f2nies!<br \/>\nDe totes les activitats, els jocs de nit van ser els\u00a0 que m\u00e9s ens va agradar! No vam parar de c\u00f3rrer i com no, de caure, tamb\u00e9! Per\u00f2 la resta&hellip;  <a href=\"https:\/\/agora.xtec.cat\/ceip-joan-coret\/general\/les-primeres-super-colonies-de-4t\/\" title=\"Read Les primeres super col\u00f2nies de 4t\">Llegeix m\u00e9s\u00bb<\/a><\/p>\n","protected":false},"author":2,"featured_media":0,"comment_status":"open","ping_status":"closed","sticky":false,"template":"","format":"standard","meta":{"_bbp_topic_count":0,"_bbp_reply_count":0,"_bbp_total_topic_count":0,"_bbp_total_reply_count":0,"_bbp_voice_count":0,"_bbp_anonymous_reply_count":0,"_bbp_topic_count_hidden":0,"_bbp_reply_count_hidden":0,"_bbp_forum_subforum_count":0,"footnotes":""},"categories":[13,1,4],"tags":[],"class_list":["post-5226","post","type-post","status-publish","format-standard","hentry","category-4t","category-general","category-portada"],"post_mailing_queue_ids":[],"_links":{"self":[{"href":"https:\/\/agora.xtec.cat\/ceip-joan-coret\/wp-json\/wp\/v2\/posts\/5226","targetHints":{"allow":["GET"]}}],"collection":[{"href":"https:\/\/agora.xtec.cat\/ceip-joan-coret\/wp-json\/wp\/v2\/posts"}],"about":[{"href":"https:\/\/agora.xtec.cat\/ceip-joan-coret\/wp-json\/wp\/v2\/types\/post"}],"author":[{"embeddable":true,"href":"https:\/\/agora.xtec.cat\/ceip-joan-coret\/wp-json\/wp\/v2\/users\/2"}],"replies":[{"embeddable":true,"href":"https:\/\/agora.xtec.cat\/ceip-joan-coret\/wp-json\/wp\/v2\/comments?post=5226"}],"version-history":[{"count":3,"href":"https:\/\/agora.xtec.cat\/ceip-joan-coret\/wp-json\/wp\/v2\/posts\/5226\/revisions"}],"predecessor-version":[{"id":5242,"href":"https:\/\/agora.xtec.cat\/ceip-joan-coret\/wp-json\/wp\/v2\/posts\/5226\/revisions\/5242"}],"wp:attachment":[{"href":"https:\/\/agora.xtec.cat\/ceip-joan-coret\/wp-json\/wp\/v2\/media?parent=5226"}],"wp:term":[{"taxonomy":"category","embeddable":true,"href":"https:\/\/agora.xtec.cat\/ceip-joan-coret\/wp-json\/wp\/v2\/categories?post=5226"},{"taxonomy":"post_tag","embeddable":true,"href":"https:\/\/agora.xtec.cat\/ceip-joan-coret\/wp-json\/wp\/v2\/tags?post=5226"}],"curies":[{"name":"wp","href":"https:\/\/api.w.org\/{rel}","templated":true}]}}