{"id":5212,"date":"2021-06-01T22:13:05","date_gmt":"2021-06-01T20:13:05","guid":{"rendered":"http:\/\/agora.xtec.cat\/ceip-joan-coret\/?p=5212"},"modified":"2021-06-01T22:13:05","modified_gmt":"2021-06-01T20:13:05","slug":"garrotins-4rt-i-5e-2","status":"publish","type":"post","link":"https:\/\/agora.xtec.cat\/ceip-joan-coret\/portada\/garrotins-4rt-i-5e-2\/","title":{"rendered":"Garrotins 4rt i 5\u00e8"},"content":{"rendered":"<p>Enguany, des de l&#8217;escola, hem celebrat el Sant Jordi fent unes composicions pr\u00f2pies molt especials! Els Garrotins! L&#8217;alumnat de 4t i 5\u00e8, han explicat qu\u00e8 significa per ells aquesta diada tan important a partir de la pr\u00f2pia composici\u00f3 de lletres musicades. Parlem de l&#8217;amor, de la llegenda, de la lectura, de la primavera&#8230; I tot aix\u00f2, a partir d&#8217;una m\u00fasica molt nostrada.<br \/>\nEls Garrotins s\u00f3n part de la Rumba Catalana, patrimoni nacional de Catalunya. Els Garrotins s\u00f3n de tradici\u00f3 oral i qui els canta, ho fa de forma improvisada. Esperem que els gaudiu amb els v\u00eddeos que es van fer aquell dia!<\/p>\n<table>\n<tbody>\n<tr>\n<td style=\"text-align: center;\">\n<h4><strong>4rt A<\/strong><\/h4>\n<h4><iframe loading=\"lazy\" src=\"\/\/www.youtube.com\/embed\/mbg9gpt2VTE\" width=\"300\" height=\"168\"><\/iframe><\/h4>\n<\/td>\n<td style=\"text-align: center;\">\n<h4><strong>4rt B<\/strong><\/h4>\n<h4><iframe loading=\"lazy\" src=\"\/\/www.youtube.com\/embed\/jkLtoflHxXM\" width=\"300\" height=\"168\"><\/iframe><\/h4>\n<\/td>\n<td style=\"text-align: center;\">\n<h4><strong>4rt C<\/strong><\/h4>\n<h4><iframe loading=\"lazy\" src=\"\/\/www.youtube.com\/embed\/MraVUtGZhYY\" width=\"300\" height=\"168\"><\/iframe><\/h4>\n<\/td>\n<\/tr>\n<tr>\n<td style=\"text-align: center;\">\n<h4><strong>5\u00e8 A<\/strong><\/h4>\n<h4><iframe loading=\"lazy\" src=\"\/\/www.youtube.com\/embed\/U8wmFjlWemI\" width=\"300\" height=\"168\"><\/iframe><\/h4>\n<\/td>\n<td style=\"text-align: center;\">\n<h4><strong>5\u00e8 B<\/strong><\/h4>\n<h4><iframe loading=\"lazy\" src=\"\/\/www.youtube.com\/embed\/EAIRsTtqo44\" width=\"300\" height=\"168\"><\/iframe><\/h4>\n<\/td>\n<td style=\"text-align: center;\">\n<h4><strong>5\u00e8 C<\/strong><\/h4>\n<h4><iframe loading=\"lazy\" src=\"\/\/www.youtube.com\/embed\/emAF_1UKj4A\" width=\"300\" height=\"168\"><\/iframe><\/h4>\n<\/td>\n<\/tr>\n<\/tbody>\n<\/table>\n","protected":false},"excerpt":{"rendered":"<p>Enguany, des de l&#8217;escola, hem celebrat el Sant Jordi fent unes composicions pr\u00f2pies molt especials! Els Garrotins! L&#8217;alumnat de 4t i 5\u00e8, han explicat qu\u00e8 significa per ells aquesta diada tan important a partir de la pr\u00f2pia composici\u00f3 de lletres musicades. Parlem de l&#8217;amor, de&hellip;  <a href=\"https:\/\/agora.xtec.cat\/ceip-joan-coret\/portada\/garrotins-4rt-i-5e-2\/\" title=\"Read Garrotins 4rt i 5\u00e8\">Llegeix m\u00e9s\u00bb<\/a><\/p>\n","protected":false},"author":3,"featured_media":5213,"comment_status":"open","ping_status":"closed","sticky":false,"template":"","format":"standard","meta":{"_bbp_topic_count":0,"_bbp_reply_count":0,"_bbp_total_topic_count":0,"_bbp_total_reply_count":0,"_bbp_voice_count":0,"_bbp_anonymous_reply_count":0,"_bbp_topic_count_hidden":0,"_bbp_reply_count_hidden":0,"_bbp_forum_subforum_count":0,"footnotes":""},"categories":[13,14,4],"tags":[92,68,379],"class_list":["post-5212","post","type-post","status-publish","format-standard","has-post-thumbnail","hentry","category-4t","category-5e","category-portada","tag-4rt","tag-5e","tag-garrotins"],"post_mailing_queue_ids":[],"_links":{"self":[{"href":"https:\/\/agora.xtec.cat\/ceip-joan-coret\/wp-json\/wp\/v2\/posts\/5212","targetHints":{"allow":["GET"]}}],"collection":[{"href":"https:\/\/agora.xtec.cat\/ceip-joan-coret\/wp-json\/wp\/v2\/posts"}],"about":[{"href":"https:\/\/agora.xtec.cat\/ceip-joan-coret\/wp-json\/wp\/v2\/types\/post"}],"author":[{"embeddable":true,"href":"https:\/\/agora.xtec.cat\/ceip-joan-coret\/wp-json\/wp\/v2\/users\/3"}],"replies":[{"embeddable":true,"href":"https:\/\/agora.xtec.cat\/ceip-joan-coret\/wp-json\/wp\/v2\/comments?post=5212"}],"version-history":[{"count":1,"href":"https:\/\/agora.xtec.cat\/ceip-joan-coret\/wp-json\/wp\/v2\/posts\/5212\/revisions"}],"predecessor-version":[{"id":5214,"href":"https:\/\/agora.xtec.cat\/ceip-joan-coret\/wp-json\/wp\/v2\/posts\/5212\/revisions\/5214"}],"wp:featuredmedia":[{"embeddable":true,"href":"https:\/\/agora.xtec.cat\/ceip-joan-coret\/wp-json\/wp\/v2\/media\/5213"}],"wp:attachment":[{"href":"https:\/\/agora.xtec.cat\/ceip-joan-coret\/wp-json\/wp\/v2\/media?parent=5212"}],"wp:term":[{"taxonomy":"category","embeddable":true,"href":"https:\/\/agora.xtec.cat\/ceip-joan-coret\/wp-json\/wp\/v2\/categories?post=5212"},{"taxonomy":"post_tag","embeddable":true,"href":"https:\/\/agora.xtec.cat\/ceip-joan-coret\/wp-json\/wp\/v2\/tags?post=5212"}],"curies":[{"name":"wp","href":"https:\/\/api.w.org\/{rel}","templated":true}]}}