{"id":5181,"date":"2021-05-30T18:52:26","date_gmt":"2021-05-30T16:52:26","guid":{"rendered":"http:\/\/agora.xtec.cat\/ceip-joan-coret\/?p=5181"},"modified":"2021-05-30T19:19:28","modified_gmt":"2021-05-30T17:19:28","slug":"lectura-al-pati","status":"publish","type":"post","link":"https:\/\/agora.xtec.cat\/ceip-joan-coret\/general\/lectura-al-pati\/","title":{"rendered":"LECTURA AL PATI!!!!!"},"content":{"rendered":"<p>Un dia a la setmana sortim a llegir al pati.<\/p>\n<p>La Lectura\u00a0 \u00e9s m\u00e9s divertida i m\u00e9s ecol\u00f3gica no malgastem llum.<\/p>\n<blockquote><p><strong>&#8220;La lectura ens obre les portes al m\u00f3n que t\u00b4atreveixes a imaginar&#8221;<\/strong><\/p><\/blockquote>\n<p><a href=\"https:\/\/agora.xtec.cat\/ceip-joan-coret\/wp-content\/uploads\/usu1194\/2021\/05\/20210429_091801_copy_1376x668_compress15.jpg\"><img loading=\"lazy\" decoding=\"async\" class=\"alignnone size-large wp-image-5183\" src=\"https:\/\/agora.xtec.cat\/ceip-joan-coret\/wp-content\/uploads\/usu1194\/2021\/05\/20210429_091801_copy_1376x668_compress15-1024x497.jpg\" alt=\"\" width=\"1024\" height=\"497\" srcset=\"https:\/\/agora.xtec.cat\/ceip-joan-coret\/wp-content\/uploads\/usu1194\/2021\/05\/20210429_091801_copy_1376x668_compress15-1024x497.jpg 1024w, https:\/\/agora.xtec.cat\/ceip-joan-coret\/wp-content\/uploads\/usu1194\/2021\/05\/20210429_091801_copy_1376x668_compress15-300x146.jpg 300w, https:\/\/agora.xtec.cat\/ceip-joan-coret\/wp-content\/uploads\/usu1194\/2021\/05\/20210429_091801_copy_1376x668_compress15-768x373.jpg 768w, https:\/\/agora.xtec.cat\/ceip-joan-coret\/wp-content\/uploads\/usu1194\/2021\/05\/20210429_091801_copy_1376x668_compress15.jpg 1376w\" sizes=\"auto, (max-width: 1024px) 100vw, 1024px\" \/><\/a> <a href=\"https:\/\/agora.xtec.cat\/ceip-joan-coret\/wp-content\/uploads\/usu1194\/2021\/05\/20210429_091900_copy_1376x668_compress98.jpg\">\ud83d\ude0d<\/a><a href=\"https:\/\/agora.xtec.cat\/ceip-joan-coret\/wp-content\/uploads\/usu1194\/2021\/05\/20210429_091900_copy_1376x668_compress98.jpg\"><img loading=\"lazy\" decoding=\"async\" class=\"alignnone size-large wp-image-5185\" src=\"https:\/\/agora.xtec.cat\/ceip-joan-coret\/wp-content\/uploads\/usu1194\/2021\/05\/20210429_091900_copy_1376x668_compress98-1024x497.jpg\" alt=\"\" width=\"1024\" height=\"497\" srcset=\"https:\/\/agora.xtec.cat\/ceip-joan-coret\/wp-content\/uploads\/usu1194\/2021\/05\/20210429_091900_copy_1376x668_compress98-1024x497.jpg 1024w, https:\/\/agora.xtec.cat\/ceip-joan-coret\/wp-content\/uploads\/usu1194\/2021\/05\/20210429_091900_copy_1376x668_compress98-300x146.jpg 300w, https:\/\/agora.xtec.cat\/ceip-joan-coret\/wp-content\/uploads\/usu1194\/2021\/05\/20210429_091900_copy_1376x668_compress98-768x373.jpg 768w, https:\/\/agora.xtec.cat\/ceip-joan-coret\/wp-content\/uploads\/usu1194\/2021\/05\/20210429_091900_copy_1376x668_compress98.jpg 1376w\" sizes=\"auto, (max-width: 1024px) 100vw, 1024px\" \/><\/a><\/p>\n<p><a href=\"https:\/\/agora.xtec.cat\/ceip-joan-coret\/wp-content\/uploads\/usu1194\/2021\/05\/20210429_091922_copy_1376x668_compress52_copy_354x171.jpg\"><img loading=\"lazy\" decoding=\"async\" class=\"wp-image-5187 alignnone\" src=\"https:\/\/agora.xtec.cat\/ceip-joan-coret\/wp-content\/uploads\/usu1194\/2021\/05\/20210429_091922_copy_1376x668_compress52_copy_354x171.jpg\" alt=\"\" width=\"658\" height=\"318\" srcset=\"https:\/\/agora.xtec.cat\/ceip-joan-coret\/wp-content\/uploads\/usu1194\/2021\/05\/20210429_091922_copy_1376x668_compress52_copy_354x171.jpg 354w, https:\/\/agora.xtec.cat\/ceip-joan-coret\/wp-content\/uploads\/usu1194\/2021\/05\/20210429_091922_copy_1376x668_compress52_copy_354x171-300x145.jpg 300w\" sizes=\"auto, (max-width: 658px) 100vw, 658px\" \/><\/a><\/p>\n","protected":false},"excerpt":{"rendered":"<p>Un dia a la setmana sortim a llegir al pati.<br \/>\nLa Lectura\u00a0 \u00e9s m\u00e9s divertida i m\u00e9s ecol\u00f3gica no malgastem llum.<br \/>\n&#8220;La lectura ens obre les portes al m\u00f3n que t\u00b4atreveixes a imaginar&#8221;<br \/>\n<a href=\"https:\/\/agora.xtec.cat\/ceip-joan-coret\/wp-content\/uploads\/usu1194\/2021\/05\/20210429_091801_copy_1376x668_compress15.jpg\"><\/a> <a href=\"https:\/\/agora.xtec.cat\/ceip-joan-coret\/wp-content\/uploads\/usu1194\/2021\/05\/20210429_091900_copy_1376x668_compress98.jpg\">\ud83d\ude0d<\/a><a href=\"https:\/\/agora.xtec.cat\/ceip-joan-coret\/wp-content\/uploads\/usu1194\/2021\/05\/20210429_091900_copy_1376x668_compress98.jpg\"><\/a><br \/>\n<a href=\"https:\/\/agora.xtec.cat\/ceip-joan-coret\/wp-content\/uploads\/usu1194\/2021\/05\/20210429_091922_copy_1376x668_compress52_copy_354x171.jpg\"><\/a><\/p>\n","protected":false},"author":52,"featured_media":5183,"comment_status":"open","ping_status":"closed","sticky":false,"template":"","format":"standard","meta":{"_bbp_topic_count":0,"_bbp_reply_count":0,"_bbp_total_topic_count":0,"_bbp_total_reply_count":0,"_bbp_voice_count":0,"_bbp_anonymous_reply_count":0,"_bbp_topic_count_hidden":0,"_bbp_reply_count_hidden":0,"_bbp_forum_subforum_count":0,"footnotes":""},"categories":[14,1,4],"tags":[138],"class_list":["post-5181","post","type-post","status-publish","format-standard","has-post-thumbnail","hentry","category-5e","category-general","category-portada","tag-lectura"],"post_mailing_queue_ids":[],"_links":{"self":[{"href":"https:\/\/agora.xtec.cat\/ceip-joan-coret\/wp-json\/wp\/v2\/posts\/5181","targetHints":{"allow":["GET"]}}],"collection":[{"href":"https:\/\/agora.xtec.cat\/ceip-joan-coret\/wp-json\/wp\/v2\/posts"}],"about":[{"href":"https:\/\/agora.xtec.cat\/ceip-joan-coret\/wp-json\/wp\/v2\/types\/post"}],"author":[{"embeddable":true,"href":"https:\/\/agora.xtec.cat\/ceip-joan-coret\/wp-json\/wp\/v2\/users\/52"}],"replies":[{"embeddable":true,"href":"https:\/\/agora.xtec.cat\/ceip-joan-coret\/wp-json\/wp\/v2\/comments?post=5181"}],"version-history":[{"count":1,"href":"https:\/\/agora.xtec.cat\/ceip-joan-coret\/wp-json\/wp\/v2\/posts\/5181\/revisions"}],"predecessor-version":[{"id":5193,"href":"https:\/\/agora.xtec.cat\/ceip-joan-coret\/wp-json\/wp\/v2\/posts\/5181\/revisions\/5193"}],"wp:featuredmedia":[{"embeddable":true,"href":"https:\/\/agora.xtec.cat\/ceip-joan-coret\/wp-json\/wp\/v2\/media\/5183"}],"wp:attachment":[{"href":"https:\/\/agora.xtec.cat\/ceip-joan-coret\/wp-json\/wp\/v2\/media?parent=5181"}],"wp:term":[{"taxonomy":"category","embeddable":true,"href":"https:\/\/agora.xtec.cat\/ceip-joan-coret\/wp-json\/wp\/v2\/categories?post=5181"},{"taxonomy":"post_tag","embeddable":true,"href":"https:\/\/agora.xtec.cat\/ceip-joan-coret\/wp-json\/wp\/v2\/tags?post=5181"}],"curies":[{"name":"wp","href":"https:\/\/api.w.org\/{rel}","templated":true}]}}