{"id":518,"date":"2017-10-06T19:19:54","date_gmt":"2017-10-06T17:19:54","guid":{"rendered":"http:\/\/agora.xtec.cat\/ceip-joan-coret\/?p=518"},"modified":"2017-10-24T13:57:58","modified_gmt":"2017-10-24T11:57:58","slug":"practiquem-baseball","status":"publish","type":"post","link":"https:\/\/agora.xtec.cat\/ceip-joan-coret\/portada\/practiquem-baseball\/","title":{"rendered":"Practiquem Baseball"},"content":{"rendered":"<p>Avui divendres 6 d&#8217;octubre, gr\u00e0cies al David Huelves (pare del nostre alumne de 6\u00e8 \u00c1lvaro), hem pogut fer un tast\u00a0per con\u00e8ixer el que\u00a0 \u00e9s l&#8217;esport del Baseball. Ens ho hem passat d&#8217;all\u00f2 m\u00e9s b\u00e9!!<\/p>\n<p>Moltes gr\u00e0cies David!!!<\/p>\n<p>Aqu\u00ed us deixem unes fotos de la Jornada<\/p>\n<p><a href=\"https:\/\/photos.app.goo.gl\/086oY5jsg2GoeVLb2\" target=\"_blank\" rel=\"noopener noreferrer\">https:\/\/photos.app.goo.gl\/086oY5jsg2GoeVLb2<\/a><\/p>\n<p><a href=\"http:\/\/agora.xtec.cat\/ceip-joan-coret\/wp-content\/uploads\/usu1194\/2017\/10\/videotogif_2017.10.11_20.14.44.gif\"><img loading=\"lazy\" decoding=\"async\" class=\"alignnone wp-image-554\" src=\"http:\/\/agora.xtec.cat\/ceip-joan-coret\/wp-content\/uploads\/usu1194\/2017\/10\/videotogif_2017.10.11_20.14.44.gif\" alt=\"\" width=\"150\" height=\"113\" \/><\/a><a href=\"http:\/\/agora.xtec.cat\/ceip-joan-coret\/wp-content\/uploads\/usu1194\/2017\/10\/videotogif_2017.10.11_20.13.49.gif\"><img loading=\"lazy\" decoding=\"async\" class=\"alignnone wp-image-553\" src=\"http:\/\/agora.xtec.cat\/ceip-joan-coret\/wp-content\/uploads\/usu1194\/2017\/10\/videotogif_2017.10.11_20.13.49.gif\" alt=\"\" width=\"150\" height=\"113\" \/><\/a><a href=\"http:\/\/agora.xtec.cat\/ceip-joan-coret\/wp-content\/uploads\/usu1194\/2017\/10\/videotogif_2017.10.11_20.12.57.gif\"><img loading=\"lazy\" decoding=\"async\" class=\"alignnone wp-image-552\" src=\"http:\/\/agora.xtec.cat\/ceip-joan-coret\/wp-content\/uploads\/usu1194\/2017\/10\/videotogif_2017.10.11_20.12.57.gif\" alt=\"\" width=\"150\" height=\"113\" \/><\/a><a href=\"http:\/\/agora.xtec.cat\/ceip-joan-coret\/wp-content\/uploads\/usu1194\/2017\/10\/videotogif_2017.10.11_20.12.08.gif\"><img loading=\"lazy\" decoding=\"async\" class=\"alignnone wp-image-551\" src=\"http:\/\/agora.xtec.cat\/ceip-joan-coret\/wp-content\/uploads\/usu1194\/2017\/10\/videotogif_2017.10.11_20.12.08.gif\" alt=\"\" width=\"150\" height=\"113\" \/><\/a><a href=\"http:\/\/agora.xtec.cat\/ceip-joan-coret\/wp-content\/uploads\/usu1194\/2017\/10\/videotogif_2017.10.11_20.15.54.gif\"><img loading=\"lazy\" decoding=\"async\" class=\"alignnone wp-image-555\" src=\"http:\/\/agora.xtec.cat\/ceip-joan-coret\/wp-content\/uploads\/usu1194\/2017\/10\/videotogif_2017.10.11_20.15.54.gif\" alt=\"\" width=\"150\" height=\"113\" \/><\/a><a href=\"http:\/\/agora.xtec.cat\/ceip-joan-coret\/wp-content\/uploads\/usu1194\/2017\/10\/videotogif_2017.10.06_18.46.32.gif\" target=\"_blank\" rel=\"noopener noreferrer\"><img loading=\"lazy\" decoding=\"async\" class=\"alignnone wp-image-519\" src=\"http:\/\/agora.xtec.cat\/ceip-joan-coret\/wp-content\/uploads\/usu1194\/2017\/10\/videotogif_2017.10.06_18.46.32.gif\" alt=\"\" width=\"150\" height=\"113\" \/><\/a><a href=\"http:\/\/agora.xtec.cat\/ceip-joan-coret\/wp-content\/uploads\/usu1194\/2017\/10\/videotogif_2017.10.11_20.12.08.gif\"><img loading=\"lazy\" decoding=\"async\" class=\"alignnone wp-image-557 size-thumbnail\" src=\"http:\/\/agora.xtec.cat\/ceip-joan-coret\/wp-content\/uploads\/usu1194\/2017\/10\/baseball-150x138.jpg\" alt=\"\" width=\"150\" height=\"138\" \/><\/a><a href=\"http:\/\/agora.xtec.cat\/ceip-joan-coret\/wp-content\/uploads\/usu1194\/2017\/10\/IMG_20171011_162354.jpg\"><img loading=\"lazy\" decoding=\"async\" class=\"alignnone wp-image-558\" src=\"http:\/\/agora.xtec.cat\/ceip-joan-coret\/wp-content\/uploads\/usu1194\/2017\/10\/IMG_20171011_162354.jpg\" alt=\"\" width=\"200\" height=\"105\" srcset=\"https:\/\/agora.xtec.cat\/ceip-joan-coret\/wp-content\/uploads\/usu1194\/2017\/10\/IMG_20171011_162354.jpg 877w, https:\/\/agora.xtec.cat\/ceip-joan-coret\/wp-content\/uploads\/usu1194\/2017\/10\/IMG_20171011_162354-300x158.jpg 300w, https:\/\/agora.xtec.cat\/ceip-joan-coret\/wp-content\/uploads\/usu1194\/2017\/10\/IMG_20171011_162354-768x405.jpg 768w\" sizes=\"auto, (max-width: 200px) 100vw, 200px\" \/><\/a><\/p>\n<p>Aqu\u00ed ens han passat un enlla\u00e7 per veure imatges espectaculars d&#8217;aquest esport!<\/p>\n<p><a href=\"https:\/\/youtu.be\/1iqL1Z9aYM4\">https:\/\/youtu.be\/1iqL1Z9aYM4<\/a><\/p>\n<p>&nbsp;<\/p>\n","protected":false},"excerpt":{"rendered":"<p>Avui divendres 6 d&#8217;octubre, gr\u00e0cies al David Huelves (pare del nostre alumne de 6\u00e8 \u00c1lvaro), hem pogut fer un tast\u00a0per con\u00e8ixer el que\u00a0 \u00e9s l&#8217;esport del Baseball. Ens ho hem passat d&#8217;all\u00f2 m\u00e9s b\u00e9!!<br \/>\nMoltes gr\u00e0cies David!!!<br \/>\nAqu\u00ed us deixem unes fotos de la Jornada<br \/>\n<a href=\"https:\/\/photos.app.goo.gl\/086oY5jsg2GoeVLb2\" target=\"_blank\"&hellip;  <a href=\"https:\/\/agora.xtec.cat\/ceip-joan-coret\/portada\/practiquem-baseball\/\" title=\"Read Practiquem Baseball\">Llegeix m\u00e9s\u00bb<\/a><\/p>\n","protected":false},"author":3,"featured_media":0,"comment_status":"open","ping_status":"closed","sticky":false,"template":"","format":"standard","meta":{"_bbp_topic_count":0,"_bbp_reply_count":0,"_bbp_total_topic_count":0,"_bbp_total_reply_count":0,"_bbp_voice_count":0,"_bbp_anonymous_reply_count":0,"_bbp_topic_count_hidden":0,"_bbp_reply_count_hidden":0,"_bbp_forum_subforum_count":0,"footnotes":""},"categories":[15,64,4,5],"tags":[65,66],"class_list":["post-518","post","type-post","status-publish","format-standard","hentry","category-6e","category-educacio-fisica","category-portada","category-primaria","tag-6e","tag-ed-fisica"],"post_mailing_queue_ids":[],"_links":{"self":[{"href":"https:\/\/agora.xtec.cat\/ceip-joan-coret\/wp-json\/wp\/v2\/posts\/518","targetHints":{"allow":["GET"]}}],"collection":[{"href":"https:\/\/agora.xtec.cat\/ceip-joan-coret\/wp-json\/wp\/v2\/posts"}],"about":[{"href":"https:\/\/agora.xtec.cat\/ceip-joan-coret\/wp-json\/wp\/v2\/types\/post"}],"author":[{"embeddable":true,"href":"https:\/\/agora.xtec.cat\/ceip-joan-coret\/wp-json\/wp\/v2\/users\/3"}],"replies":[{"embeddable":true,"href":"https:\/\/agora.xtec.cat\/ceip-joan-coret\/wp-json\/wp\/v2\/comments?post=518"}],"version-history":[{"count":4,"href":"https:\/\/agora.xtec.cat\/ceip-joan-coret\/wp-json\/wp\/v2\/posts\/518\/revisions"}],"predecessor-version":[{"id":595,"href":"https:\/\/agora.xtec.cat\/ceip-joan-coret\/wp-json\/wp\/v2\/posts\/518\/revisions\/595"}],"wp:attachment":[{"href":"https:\/\/agora.xtec.cat\/ceip-joan-coret\/wp-json\/wp\/v2\/media?parent=518"}],"wp:term":[{"taxonomy":"category","embeddable":true,"href":"https:\/\/agora.xtec.cat\/ceip-joan-coret\/wp-json\/wp\/v2\/categories?post=518"},{"taxonomy":"post_tag","embeddable":true,"href":"https:\/\/agora.xtec.cat\/ceip-joan-coret\/wp-json\/wp\/v2\/tags?post=518"}],"curies":[{"name":"wp","href":"https:\/\/api.w.org\/{rel}","templated":true}]}}