{"id":5172,"date":"2021-05-25T22:55:26","date_gmt":"2021-05-25T20:55:26","guid":{"rendered":"http:\/\/agora.xtec.cat\/ceip-joan-coret\/?p=5172"},"modified":"2021-05-25T22:55:45","modified_gmt":"2021-05-25T20:55:45","slug":"el-nostre-projecte-actuem-pel-mar-al-centre-comercial-magic","status":"publish","type":"post","link":"https:\/\/agora.xtec.cat\/ceip-joan-coret\/general\/el-nostre-projecte-actuem-pel-mar-al-centre-comercial-magic\/","title":{"rendered":"El nostre projecte: ACTUEM PEL MAR al Centre Comercial M\u00c0GIC"},"content":{"rendered":"<p>El Consell dels Infants de Badalona presenta una exposici\u00f3 de murals sobre l&#8217;emerg\u00e8ncia clim\u00e0tica i, per aquest motiu, sent coneixedors del projecte que est\u00e0vem portant a terme,\u00a0 ens han convidat a exposar els nostres cartells de conscienciaci\u00f3 sobre la conseq\u00fc\u00e8ncia de l&#8217;acci\u00f3 humana sobre el mar.<\/p>\n<p>A partir de dem\u00e0 26 de maig fins el 13 de juny estaran exposats els nostres cartells, juntament el d&#8217;altres escoles, al Centre Comercial M\u00c0GIC. No us ho perdeu!<\/p>\n<p>Hem de felicitar la feina feta pels nostres alumnes que han estat molt engrescats i han sigut conscients del perill que corre el nostre planeta si no actuem a temps. En breu tindreu un recull de totes les activitats que s&#8217;han fet i de totes les coses que hem apr\u00e8s!<\/p>\n<p>Esperem que us agradi i sobretot que ens adonem que nosaltres tenim la clau per canviar aquesta situaci\u00f3. Ens ajudeu?<\/p>\n<p><a href=\"https:\/\/ajuntament.badalona.cat\/noticies\/el-consell-dels-infants-de-badalona-presenta-una-exposicio-de-murals-sobre-lemergencia-climatica\/\">https:\/\/ajuntament.badalona.cat\/noticies\/el-consell-dels-infants-de-badalona-presenta-una-exposicio-de-murals-sobre-lemergencia-climatica\/<\/a><\/p>\n<p>&nbsp;<\/p>\n","protected":false},"excerpt":{"rendered":"<p>El Consell dels Infants de Badalona presenta una exposici\u00f3 de murals sobre l&#8217;emerg\u00e8ncia clim\u00e0tica i, per aquest motiu, sent coneixedors del projecte que est\u00e0vem portant a terme,\u00a0 ens han convidat a exposar els nostres cartells de conscienciaci\u00f3 sobre la conseq\u00fc\u00e8ncia de l&#8217;acci\u00f3 humana sobre el&hellip;  <a href=\"https:\/\/agora.xtec.cat\/ceip-joan-coret\/general\/el-nostre-projecte-actuem-pel-mar-al-centre-comercial-magic\/\" title=\"Read El nostre projecte: ACTUEM PEL MAR al Centre Comercial M\u00c0GIC\">Llegeix m\u00e9s\u00bb<\/a><\/p>\n","protected":false},"author":2,"featured_media":0,"comment_status":"open","ping_status":"closed","sticky":false,"template":"","format":"standard","meta":{"_bbp_topic_count":0,"_bbp_reply_count":0,"_bbp_total_topic_count":0,"_bbp_total_reply_count":0,"_bbp_voice_count":0,"_bbp_anonymous_reply_count":0,"_bbp_topic_count_hidden":0,"_bbp_reply_count_hidden":0,"_bbp_forum_subforum_count":0,"footnotes":""},"categories":[1,4,5],"tags":[],"class_list":["post-5172","post","type-post","status-publish","format-standard","hentry","category-general","category-portada","category-primaria"],"post_mailing_queue_ids":[],"_links":{"self":[{"href":"https:\/\/agora.xtec.cat\/ceip-joan-coret\/wp-json\/wp\/v2\/posts\/5172","targetHints":{"allow":["GET"]}}],"collection":[{"href":"https:\/\/agora.xtec.cat\/ceip-joan-coret\/wp-json\/wp\/v2\/posts"}],"about":[{"href":"https:\/\/agora.xtec.cat\/ceip-joan-coret\/wp-json\/wp\/v2\/types\/post"}],"author":[{"embeddable":true,"href":"https:\/\/agora.xtec.cat\/ceip-joan-coret\/wp-json\/wp\/v2\/users\/2"}],"replies":[{"embeddable":true,"href":"https:\/\/agora.xtec.cat\/ceip-joan-coret\/wp-json\/wp\/v2\/comments?post=5172"}],"version-history":[{"count":2,"href":"https:\/\/agora.xtec.cat\/ceip-joan-coret\/wp-json\/wp\/v2\/posts\/5172\/revisions"}],"predecessor-version":[{"id":5174,"href":"https:\/\/agora.xtec.cat\/ceip-joan-coret\/wp-json\/wp\/v2\/posts\/5172\/revisions\/5174"}],"wp:attachment":[{"href":"https:\/\/agora.xtec.cat\/ceip-joan-coret\/wp-json\/wp\/v2\/media?parent=5172"}],"wp:term":[{"taxonomy":"category","embeddable":true,"href":"https:\/\/agora.xtec.cat\/ceip-joan-coret\/wp-json\/wp\/v2\/categories?post=5172"},{"taxonomy":"post_tag","embeddable":true,"href":"https:\/\/agora.xtec.cat\/ceip-joan-coret\/wp-json\/wp\/v2\/tags?post=5172"}],"curies":[{"name":"wp","href":"https:\/\/api.w.org\/{rel}","templated":true}]}}