{"id":5149,"date":"2021-05-14T10:40:16","date_gmt":"2021-05-14T08:40:16","guid":{"rendered":"http:\/\/agora.xtec.cat\/ceip-joan-coret\/?p=5149"},"modified":"2021-05-14T10:50:51","modified_gmt":"2021-05-14T08:50:51","slug":"sortida-al-dimoni-de-badalona-5e-i-6e","status":"publish","type":"post","link":"https:\/\/agora.xtec.cat\/ceip-joan-coret\/portada\/sortida-al-dimoni-de-badalona-5e-i-6e\/","title":{"rendered":"Sortida al Dimoni de Badalona 5\u00e8 i 6\u00e8"},"content":{"rendered":"<p>Despr\u00e9s de no poder baixar l&#8217;any passat a la nostra cita de cada any amb el Dimoni de Badalona, el passat divendres dia 7 de maig vam poder anar a visitar-lo. Vam anar les classes de 5\u00e8 i de 6\u00e8. Vam baixar caminant fins el pont del petroli, all\u00e0 vam esmorzar per a agafar forces i ens vam dirigir a la visita m\u00e9s esperada&#8230; EL DIMONI DE BADALONA!!<\/p>\n<p>Amb el Dimoni ens vam fer les fotos de grup i despr\u00e9s vam realitzar un circuit amb diferents jocs a la platja. Va estar molt divertit i per aix\u00f2 us compartim les fotos. No us ho passareu igual que nosaltres per\u00f2 de ben segur que podeu fer-vos a la idea.<\/p>\n<p>Gr\u00e0cies Dimoni i&#8230; bona cremada!<\/p>\n<p><a href=\"https:\/\/photos.app.goo.gl\/jMniy6shqgULHcXS8\" target=\"_blank\" rel=\"noopener noreferrer\">https:\/\/photos.app.goo.gl\/jMniy6shqgULHcXS8<\/a><\/p>\n","protected":false},"excerpt":{"rendered":"<p>Despr\u00e9s de no poder baixar l&#8217;any passat a la nostra cita de cada any amb el Dimoni de Badalona, el passat divendres dia 7 de maig vam poder anar a visitar-lo. Vam anar les classes de 5\u00e8 i de 6\u00e8. Vam baixar caminant fins el&hellip;  <a href=\"https:\/\/agora.xtec.cat\/ceip-joan-coret\/portada\/sortida-al-dimoni-de-badalona-5e-i-6e\/\" title=\"Read Sortida al Dimoni de Badalona 5\u00e8 i 6\u00e8\">Llegeix m\u00e9s\u00bb<\/a><\/p>\n","protected":false},"author":3,"featured_media":0,"comment_status":"open","ping_status":"closed","sticky":false,"template":"","format":"standard","meta":{"_bbp_topic_count":0,"_bbp_reply_count":0,"_bbp_total_topic_count":0,"_bbp_total_reply_count":0,"_bbp_voice_count":0,"_bbp_anonymous_reply_count":0,"_bbp_topic_count_hidden":0,"_bbp_reply_count_hidden":0,"_bbp_forum_subforum_count":0,"footnotes":""},"categories":[14,15,4],"tags":[],"class_list":["post-5149","post","type-post","status-publish","format-standard","hentry","category-5e","category-6e","category-portada"],"post_mailing_queue_ids":[],"_links":{"self":[{"href":"https:\/\/agora.xtec.cat\/ceip-joan-coret\/wp-json\/wp\/v2\/posts\/5149","targetHints":{"allow":["GET"]}}],"collection":[{"href":"https:\/\/agora.xtec.cat\/ceip-joan-coret\/wp-json\/wp\/v2\/posts"}],"about":[{"href":"https:\/\/agora.xtec.cat\/ceip-joan-coret\/wp-json\/wp\/v2\/types\/post"}],"author":[{"embeddable":true,"href":"https:\/\/agora.xtec.cat\/ceip-joan-coret\/wp-json\/wp\/v2\/users\/3"}],"replies":[{"embeddable":true,"href":"https:\/\/agora.xtec.cat\/ceip-joan-coret\/wp-json\/wp\/v2\/comments?post=5149"}],"version-history":[{"count":2,"href":"https:\/\/agora.xtec.cat\/ceip-joan-coret\/wp-json\/wp\/v2\/posts\/5149\/revisions"}],"predecessor-version":[{"id":5151,"href":"https:\/\/agora.xtec.cat\/ceip-joan-coret\/wp-json\/wp\/v2\/posts\/5149\/revisions\/5151"}],"wp:attachment":[{"href":"https:\/\/agora.xtec.cat\/ceip-joan-coret\/wp-json\/wp\/v2\/media?parent=5149"}],"wp:term":[{"taxonomy":"category","embeddable":true,"href":"https:\/\/agora.xtec.cat\/ceip-joan-coret\/wp-json\/wp\/v2\/categories?post=5149"},{"taxonomy":"post_tag","embeddable":true,"href":"https:\/\/agora.xtec.cat\/ceip-joan-coret\/wp-json\/wp\/v2\/tags?post=5149"}],"curies":[{"name":"wp","href":"https:\/\/api.w.org\/{rel}","templated":true}]}}