{"id":5140,"date":"2021-05-13T23:16:05","date_gmt":"2021-05-13T21:16:05","guid":{"rendered":"http:\/\/agora.xtec.cat\/ceip-joan-coret\/?p=5140"},"modified":"2021-05-14T10:29:43","modified_gmt":"2021-05-14T08:29:43","slug":"anem-a-plantar-el-manzioski","status":"publish","type":"post","link":"https:\/\/agora.xtec.cat\/ceip-joan-coret\/general\/anem-a-plantar-el-manzioski\/","title":{"rendered":"Anem a plantar el Manzioski"},"content":{"rendered":"<p style=\"text-align: center;\">El nostre company Oscar va agafar les llavors d&#8217;una poma del menjador i les va sembrar en un test petit. Passats uns dies i, contra tot pron\u00f2stic va comen\u00e7ar a cr\u00e8ixer, i va ser quan es va decidir plantar-la a l&#8217;hort on tindria m\u00e9s espai.<\/p>\n<p>Tots vam acompanyar-lo a l&#8217;hort i en Gaspar ens va ajudar a escollir el lloc i fer el forat. Ah! Tamb\u00e9 el vam batejar amb el nom de Manzioski!\u00a0 Aprofitant la visita, en Gaspar ens va ensenyar tos els cultius que hi ha a l&#8217;hort, ens va explicar coses curioses i ens vam emportar unes quantes faves cap a casa.<\/p>\n<p>Ens ho vam passar d&#8217;all\u00f2 m\u00e9s b\u00e9! I ara, nom\u00e9s desitgem que d&#8217;aqu\u00ed poc puguem recollir pomes de l&#8217;arbre Manzioski!<\/p>\n<p>Les voldreu tastar?<\/p>\n<p><a href=\"https:\/\/photos.app.goo.gl\/pw7Ja6KDp2CUXoxu7\" target=\"_blank\" rel=\"noopener noreferrer\">https:\/\/photos.app.goo.gl\/pw7Ja6KDp2CUXoxu7<\/a><\/p>\n<p>&nbsp;<\/p>\n","protected":false},"excerpt":{"rendered":"<p>El nostre company Oscar va agafar les llavors d&#8217;una poma del menjador i les va sembrar en un test petit. Passats uns dies i, contra tot pron\u00f2stic va comen\u00e7ar a cr\u00e8ixer, i va ser quan es va decidir plantar-la a l&#8217;hort on tindria m\u00e9s espai.<br \/>\nTots&hellip;  <a href=\"https:\/\/agora.xtec.cat\/ceip-joan-coret\/general\/anem-a-plantar-el-manzioski\/\" title=\"Read Anem a plantar el Manzioski\">Llegeix m\u00e9s\u00bb<\/a><\/p>\n","protected":false},"author":2,"featured_media":0,"comment_status":"open","ping_status":"closed","sticky":false,"template":"","format":"standard","meta":{"_bbp_topic_count":0,"_bbp_reply_count":0,"_bbp_total_topic_count":0,"_bbp_total_reply_count":0,"_bbp_voice_count":0,"_bbp_anonymous_reply_count":0,"_bbp_topic_count_hidden":0,"_bbp_reply_count_hidden":0,"_bbp_forum_subforum_count":0,"footnotes":""},"categories":[13,1,4],"tags":[],"class_list":["post-5140","post","type-post","status-publish","format-standard","hentry","category-4t","category-general","category-portada"],"post_mailing_queue_ids":[],"_links":{"self":[{"href":"https:\/\/agora.xtec.cat\/ceip-joan-coret\/wp-json\/wp\/v2\/posts\/5140","targetHints":{"allow":["GET"]}}],"collection":[{"href":"https:\/\/agora.xtec.cat\/ceip-joan-coret\/wp-json\/wp\/v2\/posts"}],"about":[{"href":"https:\/\/agora.xtec.cat\/ceip-joan-coret\/wp-json\/wp\/v2\/types\/post"}],"author":[{"embeddable":true,"href":"https:\/\/agora.xtec.cat\/ceip-joan-coret\/wp-json\/wp\/v2\/users\/2"}],"replies":[{"embeddable":true,"href":"https:\/\/agora.xtec.cat\/ceip-joan-coret\/wp-json\/wp\/v2\/comments?post=5140"}],"version-history":[{"count":3,"href":"https:\/\/agora.xtec.cat\/ceip-joan-coret\/wp-json\/wp\/v2\/posts\/5140\/revisions"}],"predecessor-version":[{"id":5147,"href":"https:\/\/agora.xtec.cat\/ceip-joan-coret\/wp-json\/wp\/v2\/posts\/5140\/revisions\/5147"}],"wp:attachment":[{"href":"https:\/\/agora.xtec.cat\/ceip-joan-coret\/wp-json\/wp\/v2\/media?parent=5140"}],"wp:term":[{"taxonomy":"category","embeddable":true,"href":"https:\/\/agora.xtec.cat\/ceip-joan-coret\/wp-json\/wp\/v2\/categories?post=5140"},{"taxonomy":"post_tag","embeddable":true,"href":"https:\/\/agora.xtec.cat\/ceip-joan-coret\/wp-json\/wp\/v2\/tags?post=5140"}],"curies":[{"name":"wp","href":"https:\/\/api.w.org\/{rel}","templated":true}]}}