{"id":5135,"date":"2021-05-19T10:33:54","date_gmt":"2021-05-19T08:33:54","guid":{"rendered":"http:\/\/agora.xtec.cat\/ceip-joan-coret\/?p=5135"},"modified":"2021-05-19T10:33:54","modified_gmt":"2021-05-19T08:33:54","slug":"visita-escriptora-neus-munoz-objectiu-colonies","status":"publish","type":"post","link":"https:\/\/agora.xtec.cat\/ceip-joan-coret\/general\/visita-escriptora-neus-munoz-objectiu-colonies\/","title":{"rendered":"Visita escriptora Neus Mu\u00f1oz &#8211; Objectiu: Col\u00f2nies"},"content":{"rendered":"<p>El passat 14 d&#8217;abril ens va fer molta il\u00b7lusi\u00f3 rebre la visita de la Neus Mu\u00f1oz, escriptora del llibre que hem llegit durant les vacances de Nadal, Objectiu: Col\u00f2nies! Casualitat que aquest any tamb\u00e9 marxem de col\u00f2nies!!! Per aquest motiu encara est\u00e0vem m\u00e9s enganxats a la lectura i, esperem que a cap company\/a li passi el mateix que a l&#8217;Albert, el protagonista del llibre.<\/p>\n<p>La Neus no va tenir cap problema per respondre a totes les nostres preguntes i ens va encantar les seves\u00a0 respostes, tant com el seu llibre! A m\u00e9s, ens va dedicar el seu llibre!\ud83d\ude0d<\/p>\n<p>Moltes gr\u00e0cies, Neus!<\/p>\n<p><a href=\"https:\/\/photos.app.goo.gl\/fzNoXpuo3VvnWfGj7\" target=\"_blank\" rel=\"noopener noreferrer\">https:\/\/photos.app.goo.gl\/fzNoXpuo3VvnWfGj7<\/a><\/p>\n<p>&nbsp;<\/p>\n<p>&nbsp;<\/p>\n","protected":false},"excerpt":{"rendered":"<p>El passat 14 d&#8217;abril ens va fer molta il\u00b7lusi\u00f3 rebre la visita de la Neus Mu\u00f1oz, escriptora del llibre que hem llegit durant les vacances de Nadal, Objectiu: Col\u00f2nies! Casualitat que aquest any tamb\u00e9 marxem de col\u00f2nies!!! Per aquest motiu encara est\u00e0vem m\u00e9s enganxats a&hellip;  <a href=\"https:\/\/agora.xtec.cat\/ceip-joan-coret\/general\/visita-escriptora-neus-munoz-objectiu-colonies\/\" title=\"Read Visita escriptora Neus Mu\u00f1oz &#8211; Objectiu: Col\u00f2nies\">Llegeix m\u00e9s\u00bb<\/a><\/p>\n","protected":false},"author":2,"featured_media":0,"comment_status":"open","ping_status":"closed","sticky":false,"template":"","format":"standard","meta":{"_bbp_topic_count":0,"_bbp_reply_count":0,"_bbp_total_topic_count":0,"_bbp_total_reply_count":0,"_bbp_voice_count":0,"_bbp_anonymous_reply_count":0,"_bbp_topic_count_hidden":0,"_bbp_reply_count_hidden":0,"_bbp_forum_subforum_count":0,"footnotes":""},"categories":[13,1,4,5],"tags":[],"class_list":["post-5135","post","type-post","status-publish","format-standard","hentry","category-4t","category-general","category-portada","category-primaria"],"post_mailing_queue_ids":[],"_links":{"self":[{"href":"https:\/\/agora.xtec.cat\/ceip-joan-coret\/wp-json\/wp\/v2\/posts\/5135","targetHints":{"allow":["GET"]}}],"collection":[{"href":"https:\/\/agora.xtec.cat\/ceip-joan-coret\/wp-json\/wp\/v2\/posts"}],"about":[{"href":"https:\/\/agora.xtec.cat\/ceip-joan-coret\/wp-json\/wp\/v2\/types\/post"}],"author":[{"embeddable":true,"href":"https:\/\/agora.xtec.cat\/ceip-joan-coret\/wp-json\/wp\/v2\/users\/2"}],"replies":[{"embeddable":true,"href":"https:\/\/agora.xtec.cat\/ceip-joan-coret\/wp-json\/wp\/v2\/comments?post=5135"}],"version-history":[{"count":3,"href":"https:\/\/agora.xtec.cat\/ceip-joan-coret\/wp-json\/wp\/v2\/posts\/5135\/revisions"}],"predecessor-version":[{"id":5159,"href":"https:\/\/agora.xtec.cat\/ceip-joan-coret\/wp-json\/wp\/v2\/posts\/5135\/revisions\/5159"}],"wp:attachment":[{"href":"https:\/\/agora.xtec.cat\/ceip-joan-coret\/wp-json\/wp\/v2\/media?parent=5135"}],"wp:term":[{"taxonomy":"category","embeddable":true,"href":"https:\/\/agora.xtec.cat\/ceip-joan-coret\/wp-json\/wp\/v2\/categories?post=5135"},{"taxonomy":"post_tag","embeddable":true,"href":"https:\/\/agora.xtec.cat\/ceip-joan-coret\/wp-json\/wp\/v2\/tags?post=5135"}],"curies":[{"name":"wp","href":"https:\/\/api.w.org\/{rel}","templated":true}]}}