{"id":5087,"date":"2021-05-19T10:18:42","date_gmt":"2021-05-19T08:18:42","guid":{"rendered":"http:\/\/agora.xtec.cat\/ceip-joan-coret\/?p=5087"},"modified":"2021-05-19T10:18:42","modified_gmt":"2021-05-19T08:18:42","slug":"visita-de-la-guardia-urbana","status":"publish","type":"post","link":"https:\/\/agora.xtec.cat\/ceip-joan-coret\/general\/visita-de-la-guardia-urbana\/","title":{"rendered":"Visita de la Gu\u00e0rdia Urbana"},"content":{"rendered":"<p>El passat 19 d&#8217;abril els alumnes de 4tA van rebre la visita d&#8217;en Xavi i en Miguel, agents de la gu\u00e0rdia urbana.<\/p>\n<p>Ens van explicar com \u00e9s d&#8217;important estar atent i fer cas de les indicacions per evitar accidents. Per aquest motiu van posar en pr\u00e0ctica la nostra velocitat de reacci\u00f3 i atenci\u00f3 i, no \u00e9s que sort\u00eds molt b\u00e9, per\u00f2 vam riure molt, aix\u00f2 si!<\/p>\n<p>&nbsp;<\/p>\n<p><a href=\"https:\/\/photos.app.goo.gl\/SDcZBMa3dh3RYuQq7\" target=\"_blank\" rel=\"noopener noreferrer\">https:\/\/photos.app.goo.gl\/SDcZBMa3dh3RYuQq7<\/a><\/p>\n<p>&nbsp;<\/p>\n<p>&nbsp;<\/p>\n","protected":false},"excerpt":{"rendered":"<p>El passat 19 d&#8217;abril els alumnes de 4tA van rebre la visita d&#8217;en Xavi i en Miguel, agents de la gu\u00e0rdia urbana.<br \/>\nEns van explicar com \u00e9s d&#8217;important estar atent i fer cas de les indicacions per evitar accidents. Per aquest motiu van posar en pr\u00e0ctica&hellip;  <a href=\"https:\/\/agora.xtec.cat\/ceip-joan-coret\/general\/visita-de-la-guardia-urbana\/\" title=\"Read Visita de la Gu\u00e0rdia Urbana\">Llegeix m\u00e9s\u00bb<\/a><\/p>\n","protected":false},"author":2,"featured_media":0,"comment_status":"open","ping_status":"closed","sticky":false,"template":"","format":"standard","meta":{"_bbp_topic_count":0,"_bbp_reply_count":0,"_bbp_total_topic_count":0,"_bbp_total_reply_count":0,"_bbp_voice_count":0,"_bbp_anonymous_reply_count":0,"_bbp_topic_count_hidden":0,"_bbp_reply_count_hidden":0,"_bbp_forum_subforum_count":0,"footnotes":""},"categories":[13,1,4],"tags":[],"class_list":["post-5087","post","type-post","status-publish","format-standard","hentry","category-4t","category-general","category-portada"],"post_mailing_queue_ids":[],"_links":{"self":[{"href":"https:\/\/agora.xtec.cat\/ceip-joan-coret\/wp-json\/wp\/v2\/posts\/5087","targetHints":{"allow":["GET"]}}],"collection":[{"href":"https:\/\/agora.xtec.cat\/ceip-joan-coret\/wp-json\/wp\/v2\/posts"}],"about":[{"href":"https:\/\/agora.xtec.cat\/ceip-joan-coret\/wp-json\/wp\/v2\/types\/post"}],"author":[{"embeddable":true,"href":"https:\/\/agora.xtec.cat\/ceip-joan-coret\/wp-json\/wp\/v2\/users\/2"}],"replies":[{"embeddable":true,"href":"https:\/\/agora.xtec.cat\/ceip-joan-coret\/wp-json\/wp\/v2\/comments?post=5087"}],"version-history":[{"count":3,"href":"https:\/\/agora.xtec.cat\/ceip-joan-coret\/wp-json\/wp\/v2\/posts\/5087\/revisions"}],"predecessor-version":[{"id":5157,"href":"https:\/\/agora.xtec.cat\/ceip-joan-coret\/wp-json\/wp\/v2\/posts\/5087\/revisions\/5157"}],"wp:attachment":[{"href":"https:\/\/agora.xtec.cat\/ceip-joan-coret\/wp-json\/wp\/v2\/media?parent=5087"}],"wp:term":[{"taxonomy":"category","embeddable":true,"href":"https:\/\/agora.xtec.cat\/ceip-joan-coret\/wp-json\/wp\/v2\/categories?post=5087"},{"taxonomy":"post_tag","embeddable":true,"href":"https:\/\/agora.xtec.cat\/ceip-joan-coret\/wp-json\/wp\/v2\/tags?post=5087"}],"curies":[{"name":"wp","href":"https:\/\/api.w.org\/{rel}","templated":true}]}}