{"id":5084,"date":"2021-05-13T23:21:32","date_gmt":"2021-05-13T21:21:32","guid":{"rendered":"http:\/\/agora.xtec.cat\/ceip-joan-coret\/?p=5084"},"modified":"2021-05-14T10:32:44","modified_gmt":"2021-05-14T08:32:44","slug":"privilegi-sortida-al-parc","status":"publish","type":"post","link":"https:\/\/agora.xtec.cat\/ceip-joan-coret\/portada\/privilegi-sortida-al-parc\/","title":{"rendered":"Privilegi: Sortida al parc"},"content":{"rendered":"<p>Despr\u00e9s de treballar molt i esfor\u00e7ar-se per aconseguir els reptes proposats pel Capit\u00e0 Planeta, l&#8217;equip de foc van demanar el privilegi de fer una<\/p>\n<p>sortida al parc.<\/p>\n<p>Tot i que el dia no va acompanyar gaire no va ser excusa per no passar-s&#8217;ho d&#8217;all\u00f2 m\u00e9s b\u00e9! I es que&#8230; Quan es tracta de sortir de l&#8217;escola&#8230; A qui no li agrada?\ud83d\ude0a<\/p>\n<p><a href=\"https:\/\/photos.app.goo.gl\/syaQKiZNaWHWZMok7\" target=\"_blank\" rel=\"noopener noreferrer\">https:\/\/photos.app.goo.gl\/syaQKiZNaWHWZMok7<\/a><\/p>\n<p><a href=\"https:\/\/agora.xtec.cat\/ceip-joan-coret\/wp-content\/uploads\/usu1194\/2021\/05\/IMG_7259-min.jpg\"><img loading=\"lazy\" decoding=\"async\" class=\"alignnone size-large wp-image-5085\" src=\"https:\/\/agora.xtec.cat\/ceip-joan-coret\/wp-content\/uploads\/usu1194\/2021\/05\/IMG_7259-min-1024x768.jpg\" alt=\"\" width=\"1024\" height=\"768\" srcset=\"https:\/\/agora.xtec.cat\/ceip-joan-coret\/wp-content\/uploads\/usu1194\/2021\/05\/IMG_7259-min-1024x768.jpg 1024w, https:\/\/agora.xtec.cat\/ceip-joan-coret\/wp-content\/uploads\/usu1194\/2021\/05\/IMG_7259-min-300x225.jpg 300w, https:\/\/agora.xtec.cat\/ceip-joan-coret\/wp-content\/uploads\/usu1194\/2021\/05\/IMG_7259-min-768x576.jpg 768w, https:\/\/agora.xtec.cat\/ceip-joan-coret\/wp-content\/uploads\/usu1194\/2021\/05\/IMG_7259-min-200x150.jpg 200w\" sizes=\"auto, (max-width: 1024px) 100vw, 1024px\" \/><\/a><\/p>\n<p>&nbsp;<\/p>\n","protected":false},"excerpt":{"rendered":"<p>Despr\u00e9s de treballar molt i esfor\u00e7ar-se per aconseguir els reptes proposats pel Capit\u00e0 Planeta, l&#8217;equip de foc van demanar el privilegi de fer una<br \/>\nsortida al parc.<br \/>\nTot i que el dia no va acompanyar gaire no va ser excusa per no passar-s&#8217;ho d&#8217;all\u00f2 m\u00e9s b\u00e9! I&hellip;  <a href=\"https:\/\/agora.xtec.cat\/ceip-joan-coret\/portada\/privilegi-sortida-al-parc\/\" title=\"Read Privilegi: Sortida al parc\">Llegeix m\u00e9s\u00bb<\/a><\/p>\n","protected":false},"author":2,"featured_media":1023,"comment_status":"open","ping_status":"closed","sticky":false,"template":"","format":"standard","meta":{"_bbp_topic_count":0,"_bbp_reply_count":0,"_bbp_total_topic_count":0,"_bbp_total_reply_count":0,"_bbp_voice_count":0,"_bbp_anonymous_reply_count":0,"_bbp_topic_count_hidden":0,"_bbp_reply_count_hidden":0,"_bbp_forum_subforum_count":0,"footnotes":""},"categories":[13,4],"tags":[],"class_list":["post-5084","post","type-post","status-publish","format-standard","has-post-thumbnail","hentry","category-4t","category-portada"],"post_mailing_queue_ids":[],"_links":{"self":[{"href":"https:\/\/agora.xtec.cat\/ceip-joan-coret\/wp-json\/wp\/v2\/posts\/5084","targetHints":{"allow":["GET"]}}],"collection":[{"href":"https:\/\/agora.xtec.cat\/ceip-joan-coret\/wp-json\/wp\/v2\/posts"}],"about":[{"href":"https:\/\/agora.xtec.cat\/ceip-joan-coret\/wp-json\/wp\/v2\/types\/post"}],"author":[{"embeddable":true,"href":"https:\/\/agora.xtec.cat\/ceip-joan-coret\/wp-json\/wp\/v2\/users\/2"}],"replies":[{"embeddable":true,"href":"https:\/\/agora.xtec.cat\/ceip-joan-coret\/wp-json\/wp\/v2\/comments?post=5084"}],"version-history":[{"count":2,"href":"https:\/\/agora.xtec.cat\/ceip-joan-coret\/wp-json\/wp\/v2\/posts\/5084\/revisions"}],"predecessor-version":[{"id":5148,"href":"https:\/\/agora.xtec.cat\/ceip-joan-coret\/wp-json\/wp\/v2\/posts\/5084\/revisions\/5148"}],"wp:featuredmedia":[{"embeddable":true,"href":"https:\/\/agora.xtec.cat\/ceip-joan-coret\/wp-json\/wp\/v2\/media\/1023"}],"wp:attachment":[{"href":"https:\/\/agora.xtec.cat\/ceip-joan-coret\/wp-json\/wp\/v2\/media?parent=5084"}],"wp:term":[{"taxonomy":"category","embeddable":true,"href":"https:\/\/agora.xtec.cat\/ceip-joan-coret\/wp-json\/wp\/v2\/categories?post=5084"},{"taxonomy":"post_tag","embeddable":true,"href":"https:\/\/agora.xtec.cat\/ceip-joan-coret\/wp-json\/wp\/v2\/tags?post=5084"}],"curies":[{"name":"wp","href":"https:\/\/api.w.org\/{rel}","templated":true}]}}