{"id":5080,"date":"2021-05-03T21:05:47","date_gmt":"2021-05-03T19:05:47","guid":{"rendered":"http:\/\/agora.xtec.cat\/ceip-joan-coret\/?p=5080"},"modified":"2021-05-03T21:05:47","modified_gmt":"2021-05-03T19:05:47","slug":"alternative-story-of-saint-george","status":"publish","type":"post","link":"https:\/\/agora.xtec.cat\/ceip-joan-coret\/portada\/alternative-story-of-saint-george\/","title":{"rendered":"Alternative story of Saint George"},"content":{"rendered":"<p><em>Hello!<\/em> Els nens i nenes de 3r hem creat <em>an alternative story of Saint George<\/em> (una hist\u00f2ria alternativa de Sant Jordi) i us deixem aqu\u00ed el recull de totes les diferents <em>stories<\/em> que han sortit. S\u00f3n molt originals! <em>Hope you like them<\/em>\ud83d\ude0a<\/p>\n<p><a href=\"https:\/\/read.bookcreator.com\/vzl1QhuxPbc0A6byN1gPjU1MQDU2\/s6cXQ7qNR9mlqjyB0ueYwQ\">The alternative story of Saint George<\/a><\/p>\n<p><a href=\"https:\/\/agora.xtec.cat\/ceip-joan-coret\/wp-content\/uploads\/usu1194\/2021\/05\/Saint-George.jpg\"><img loading=\"lazy\" decoding=\"async\" class=\"wp-image-5081 aligncenter\" src=\"https:\/\/agora.xtec.cat\/ceip-joan-coret\/wp-content\/uploads\/usu1194\/2021\/05\/Saint-George.jpg\" alt=\"\" width=\"335\" height=\"334\" srcset=\"https:\/\/agora.xtec.cat\/ceip-joan-coret\/wp-content\/uploads\/usu1194\/2021\/05\/Saint-George.jpg 789w, https:\/\/agora.xtec.cat\/ceip-joan-coret\/wp-content\/uploads\/usu1194\/2021\/05\/Saint-George-150x150.jpg 150w, https:\/\/agora.xtec.cat\/ceip-joan-coret\/wp-content\/uploads\/usu1194\/2021\/05\/Saint-George-300x300.jpg 300w, https:\/\/agora.xtec.cat\/ceip-joan-coret\/wp-content\/uploads\/usu1194\/2021\/05\/Saint-George-768x765.jpg 768w\" sizes=\"auto, (max-width: 335px) 100vw, 335px\" \/><\/a><\/p>\n","protected":false},"excerpt":{"rendered":"<p>Hello! Els nens i nenes de 3r hem creat an alternative story of Saint George (una hist\u00f2ria alternativa de Sant Jordi) i us deixem aqu\u00ed el recull de totes les diferents stories que han sortit. S\u00f3n molt originals! Hope you like them\ud83d\ude0a<br \/>\n<a href=\"https:\/\/read.bookcreator.com\/vzl1QhuxPbc0A6byN1gPjU1MQDU2\/s6cXQ7qNR9mlqjyB0ueYwQ\">The alternative story&hellip;  <a href=\"https:\/\/agora.xtec.cat\/ceip-joan-coret\/portada\/alternative-story-of-saint-george\/\" title=\"Read Alternative story of Saint George\">Llegeix m\u00e9s\u00bb<\/a><\/p>\n","protected":false},"author":2,"featured_media":1023,"comment_status":"open","ping_status":"closed","sticky":false,"template":"","format":"standard","meta":{"_bbp_topic_count":0,"_bbp_reply_count":0,"_bbp_total_topic_count":0,"_bbp_total_reply_count":0,"_bbp_voice_count":0,"_bbp_anonymous_reply_count":0,"_bbp_topic_count_hidden":0,"_bbp_reply_count_hidden":0,"_bbp_forum_subforum_count":0,"footnotes":""},"categories":[12,67,4,5],"tags":[],"class_list":["post-5080","post","type-post","status-publish","format-standard","has-post-thumbnail","hentry","category-3r","category-angles","category-portada","category-primaria"],"post_mailing_queue_ids":[],"_links":{"self":[{"href":"https:\/\/agora.xtec.cat\/ceip-joan-coret\/wp-json\/wp\/v2\/posts\/5080","targetHints":{"allow":["GET"]}}],"collection":[{"href":"https:\/\/agora.xtec.cat\/ceip-joan-coret\/wp-json\/wp\/v2\/posts"}],"about":[{"href":"https:\/\/agora.xtec.cat\/ceip-joan-coret\/wp-json\/wp\/v2\/types\/post"}],"author":[{"embeddable":true,"href":"https:\/\/agora.xtec.cat\/ceip-joan-coret\/wp-json\/wp\/v2\/users\/2"}],"replies":[{"embeddable":true,"href":"https:\/\/agora.xtec.cat\/ceip-joan-coret\/wp-json\/wp\/v2\/comments?post=5080"}],"version-history":[{"count":2,"href":"https:\/\/agora.xtec.cat\/ceip-joan-coret\/wp-json\/wp\/v2\/posts\/5080\/revisions"}],"predecessor-version":[{"id":5083,"href":"https:\/\/agora.xtec.cat\/ceip-joan-coret\/wp-json\/wp\/v2\/posts\/5080\/revisions\/5083"}],"wp:featuredmedia":[{"embeddable":true,"href":"https:\/\/agora.xtec.cat\/ceip-joan-coret\/wp-json\/wp\/v2\/media\/1023"}],"wp:attachment":[{"href":"https:\/\/agora.xtec.cat\/ceip-joan-coret\/wp-json\/wp\/v2\/media?parent=5080"}],"wp:term":[{"taxonomy":"category","embeddable":true,"href":"https:\/\/agora.xtec.cat\/ceip-joan-coret\/wp-json\/wp\/v2\/categories?post=5080"},{"taxonomy":"post_tag","embeddable":true,"href":"https:\/\/agora.xtec.cat\/ceip-joan-coret\/wp-json\/wp\/v2\/tags?post=5080"}],"curies":[{"name":"wp","href":"https:\/\/api.w.org\/{rel}","templated":true}]}}